{"id":140899,"date":"2020-12-29T16:45:49","date_gmt":"2020-12-29T16:45:49","guid":{"rendered":"http:\/\/malamboradio.com\/web\/?p=140899"},"modified":"2020-12-29T16:45:52","modified_gmt":"2020-12-29T16:45:52","slug":"adriana-cordoba-renuncia-a-su-cargo-como-secretaria-de-planeacion-de-bogota","status":"publish","type":"post","link":"https:\/\/malamboradio.com\/web\/2020\/12\/29\/adriana-cordoba-renuncia-a-su-cargo-como-secretaria-de-planeacion-de-bogota\/","title":{"rendered":"Adriana C\u00f3rdoba renuncia a su cargo como secretaria de planeaci\u00f3n de Bogot\u00e1"},"content":{"rendered":"\n<p>Este lunes se conoci\u00f3 que Adriana C\u00f3rdoba present\u00f3, a la alcaldesa Claudia L\u00f3pez , su renuncia a la Secretar\u00eda de Planeaci\u00f3n de Bogot\u00e1.<\/p>\n\n\n\n<p>Seg\u00fan las primeras informaciones, C\u00f3rdoba argument\u00f3 razones personales al anunciar su decisi\u00f3n de dejar el cargo.<\/p>\n\n\n\n<p>En los pr\u00f3ximos d\u00edas se conocer\u00eda el nombre del reemplazo de Adriana C\u00f3rdoba, pues se debe agilizar el tr\u00e1mite del Plan de Ordenamiento Territorial, que tendr\u00e1 que ser presentado ante el Concejo de Bogot\u00e1.<\/p>\n\n\n\n<p>C\u00f3rdoba tambi\u00e9n hab\u00eda trabajado en la Procuradur\u00eda , el Departamento Nacional de Planeaci\u00f3n y fue veedora Distrital.<\/p>\n","protected":false},"excerpt":{"rendered":"<p>Este lunes se conoci\u00f3 que Adriana C\u00f3rdoba present\u00f3, a la alcaldesa Claudia L\u00f3pez , su renuncia a la Secretar\u00eda de Planeaci\u00f3n de Bogot\u00e1. Seg\u00fan las primeras informaciones, C\u00f3rdoba argument\u00f3 razones personales al anunciar su decisi\u00f3n de dejar el cargo. En los pr\u00f3ximos d\u00edas se conocer\u00eda el nombre del reemplazo de Adriana C\u00f3rdoba, pues se debe&#8230;<\/p>\n","protected":false},"author":1,"featured_media":140900,"comment_status":"open","ping_status":"open","sticky":false,"template":"","format":"standard","meta":[],"categories":[56],"tags":[],"jetpack_sharing_enabled":true,"jetpack_featured_media_url":"https:\/\/malamboradio.com\/web\/wp-content\/uploads\/2020\/12\/WKEQOPKZ5FEFVKNBCCPBTCRKSA.jpg","_links":{"self":[{"href":"https:\/\/malamboradio.com\/web\/wp-json\/wp\/v2\/posts\/140899"}],"collection":[{"href":"https:\/\/malamboradio.com\/web\/wp-json\/wp\/v2\/posts"}],"about":[{"href":"https:\/\/malamboradio.com\/web\/wp-json\/wp\/v2\/types\/post"}],"author":[{"embeddable":true,"href":"https:\/\/malamboradio.com\/web\/wp-json\/wp\/v2\/users\/1"}],"replies":[{"embeddable":true,"href":"https:\/\/malamboradio.com\/web\/wp-json\/wp\/v2\/comments?post=140899"}],"version-history":[{"count":1,"href":"https:\/\/malamboradio.com\/web\/wp-json\/wp\/v2\/posts\/140899\/revisions"}],"predecessor-version":[{"id":140901,"href":"https:\/\/malamboradio.com\/web\/wp-json\/wp\/v2\/posts\/140899\/revisions\/140901"}],"wp:featuredmedia":[{"embeddable":true,"href":"https:\/\/malamboradio.com\/web\/wp-json\/wp\/v2\/media\/140900"}],"wp:attachment":[{"href":"https:\/\/malamboradio.com\/web\/wp-json\/wp\/v2\/media?parent=140899"}],"wp:term":[{"taxonomy":"category","embeddable":true,"href":"https:\/\/malamboradio.com\/web\/wp-json\/wp\/v2\/categories?post=140899"},{"taxonomy":"post_tag","embeddable":true,"href":"https:\/\/malamboradio.com\/web\/wp-json\/wp\/v2\/tags?post=140899"}],"curies":[{"name":"wp","href":"https:\/\/api.w.org\/{rel}","templated":true}]}}