{"id":139030,"date":"2020-12-14T19:27:09","date_gmt":"2020-12-14T19:27:09","guid":{"rendered":"http:\/\/malamboradio.com\/web\/?p=139030"},"modified":"2020-12-14T19:27:13","modified_gmt":"2020-12-14T19:27:13","slug":"gloria-a-dios-en-las-alturas","status":"publish","type":"post","link":"https:\/\/malamboradio.com\/web\/2020\/12\/14\/gloria-a-dios-en-las-alturas\/","title":{"rendered":"GLORIA A DIOS EN LAS ALTURAS \u2026"},"content":{"rendered":"\n<p>Ayer lo vi\u2026Carlos era &nbsp;la descripci\u00f3n perfecta de la alegr\u00eda y el entusiasmo\u2026<\/p>\n\n\n\n<p>Lleg\u00f3 a la peque\u00f1a taberna y se dej\u00f3 caer pesadamente en el viejo taburete, &nbsp;me mir\u00f3 sin verme y a manera de reproche, dijo: \u201c<em>Carajo compa parece mentira, llego Navidad <\/em>\u201d\u2026not\u00e9 en su tono cierta amargura y sigui\u00f3:&nbsp; \u201c <em>este a\u00f1o ha sido muy duro,&nbsp; esta pandemia ha sido un desastre\u2026acab\u00f3 con lo poco que ten\u00eda\u2026 <\/em>tom\u00f3 un largo sorbo de la cerveza que hab\u00eda pedido para \u00e9l y sigui\u00f3 diciendo<em>\u2026esta vez no habr\u00e1 ropa nueva para nadie, ni cena de navidad y menos regalos como todos los a\u00f1os\u2026 ni siquiera he podido reparar y pintar la casa \u201c.<\/em><\/p>\n\n\n\n<p>Fij\u00f3 sus ojos en el viejo pesebre artesanal que la due\u00f1a de la taberna pon\u00eda todos los a\u00f1os, eran peque\u00f1as figuras de barro rojo, descolorido por los a\u00f1os de usos. Un gesto de j\u00fabilo sin precedente se reflejaba en las peque\u00f1as figuras que conformaban la escena b\u00edblica. All\u00ed estaban los principales protagonistas de la historia, &nbsp;Jos\u00e9, Mar\u00eda y el peque\u00f1o Jes\u00fas dormido sobre la paja, rodeado de sus padres y algunos animales; arriba colgando de un nylon casi invisible se observaban dos \u00e1ngeles en actitud de alabanza y devoci\u00f3n, m\u00e1s abajo aparec\u00edan los pastores en cuyos rostros la alegr\u00eda era desbordante, y m\u00e1s all\u00e1&nbsp; en el simulado camino a Bel\u00e9n se ve\u00edan venir los Reyes Magos risue\u00f1os y felices de venir en busca del rey\u2026 Hasta los animales de la caballeriza se ve\u00edan alegres y gozosos. El artesano hab\u00eda logrado plasmar felicidad y entusiasmo en cada figura.<\/p>\n\n\n\n<p>Era realmente un escenario pobre,&nbsp; l\u00fagubre y deprimente\u2026la gente del pesebre no estaba pasando precisamente por un buen momento, se notaba escasez pobreza, miseria, limitaciones, sin embargo todos est\u00e1n sonrientes, radiantes y felices.<\/p>\n\n\n\n<p>El Rostro de Carlos se ilumino de repente, hab\u00eda entendido&nbsp; el <strong>Esp\u00edritu de la Navidad.<\/strong><\/p>\n\n\n\n<p>La pobreza exagerada de aquel miserable establo, en lugar de depresi\u00f3n y frustraci\u00f3n fueron&nbsp;&nbsp; el escenario perfecto para que all\u00ed naciera la Esperanza, el Gozo y pr\u00f3diga la Alegr\u00eda&nbsp; representada en un ni\u00f1ito llamado JESUS.<\/p>\n\n\n\n<p>Carlos ya no vio a una mujer que hab\u00eda parido a un ni\u00f1o en condiciones de pobreza extrema, vio a Dios hecho hombre, los pastores no encontraron a un reci\u00e9n nacido en condiciones infrahumanas sino a Cristo nuestro Se\u00f1or y lo adoraron, &nbsp;as\u00ed mismo los magos encontraron en la paja del pesebre a verdadero y \u00fanico Rey de los Jud\u00edos y lo honraron y lo veneraron\u2026<\/p>\n\n\n\n<p>La tristeza de Carlos germinaba en &nbsp;sus circunstancias inmediatas, se estaba fijando en lo que hoy no tenia en lugar de ver y agradecer por lo que si &nbsp;hab\u00eda logrado obtener\u2026vida, salud, unos hijos, una familia, un techo, un hogar, un medio de subsistencia, fe, esperanza y fuerzas para seguir adelante.<\/p>\n\n\n\n<p>Entendi\u00f3 que ten\u00eda poderosas razones para ser y estar feliz. Que no deb\u00eda permitir que su pesebre de necesidades le robara el gozo de vivir y seguir en la lucha\u2026 ( Varios de sus amigos no hab\u00edan logrado sobrevivir a a la pandemia) Que en lugar de depresiones y quejas deb\u00eda armarse de \u00a0fe como \u00a0buen\u00a0 cristiano y \u00a0unirse al coro de los \u00e1ngeles y cantar con entusiasmo: <strong>GLORIA A DIOS EN LAS ALTURAS\u00a0 Y PAZ EN LA TIERRA A\u00a0 LOS HOMBRES\u00a0 DE BUENA VOLUNTAD.<\/strong><\/p>\n\n\n\n<p><\/p>\n\n\n\n<p><strong>MAX PORTO HERRERA<\/strong><\/p>\n","protected":false},"excerpt":{"rendered":"<p>Ayer lo vi\u2026Carlos era &nbsp;la descripci\u00f3n perfecta de la alegr\u00eda y el entusiasmo\u2026 Lleg\u00f3 a la peque\u00f1a taberna y se dej\u00f3 caer pesadamente en el viejo taburete, &nbsp;me mir\u00f3 sin verme y a manera de reproche, dijo: \u201cCarajo compa parece mentira, llego Navidad \u201d\u2026not\u00e9 en su tono cierta amargura y sigui\u00f3:&nbsp; \u201c este a\u00f1o ha&#8230;<\/p>\n","protected":false},"author":1,"featured_media":139034,"comment_status":"open","ping_status":"open","sticky":false,"template":"","format":"standard","meta":[],"categories":[50,44],"tags":[],"jetpack_sharing_enabled":true,"jetpack_featured_media_url":"https:\/\/malamboradio.com\/web\/wp-content\/uploads\/2020\/12\/ventana-pesebre.jpg","_links":{"self":[{"href":"https:\/\/malamboradio.com\/web\/wp-json\/wp\/v2\/posts\/139030"}],"collection":[{"href":"https:\/\/malamboradio.com\/web\/wp-json\/wp\/v2\/posts"}],"about":[{"href":"https:\/\/malamboradio.com\/web\/wp-json\/wp\/v2\/types\/post"}],"author":[{"embeddable":true,"href":"https:\/\/malamboradio.com\/web\/wp-json\/wp\/v2\/users\/1"}],"replies":[{"embeddable":true,"href":"https:\/\/malamboradio.com\/web\/wp-json\/wp\/v2\/comments?post=139030"}],"version-history":[{"count":1,"href":"https:\/\/malamboradio.com\/web\/wp-json\/wp\/v2\/posts\/139030\/revisions"}],"predecessor-version":[{"id":139035,"href":"https:\/\/malamboradio.com\/web\/wp-json\/wp\/v2\/posts\/139030\/revisions\/139035"}],"wp:featuredmedia":[{"embeddable":true,"href":"https:\/\/malamboradio.com\/web\/wp-json\/wp\/v2\/media\/139034"}],"wp:attachment":[{"href":"https:\/\/malamboradio.com\/web\/wp-json\/wp\/v2\/media?parent=139030"}],"wp:term":[{"taxonomy":"category","embeddable":true,"href":"https:\/\/malamboradio.com\/web\/wp-json\/wp\/v2\/categories?post=139030"},{"taxonomy":"post_tag","embeddable":true,"href":"https:\/\/malamboradio.com\/web\/wp-json\/wp\/v2\/tags?post=139030"}],"curies":[{"name":"wp","href":"https:\/\/api.w.org\/{rel}","templated":true}]}}