{"id":137324,"date":"2020-11-05T19:11:24","date_gmt":"2020-11-05T19:11:24","guid":{"rendered":"http:\/\/malamboradio.com\/web\/?p=137324"},"modified":"2020-11-05T19:11:28","modified_gmt":"2020-11-05T19:11:28","slug":"a-los-pensionados-tambien-se-les-anticipara-la-prima-navidena","status":"publish","type":"post","link":"https:\/\/malamboradio.com\/web\/2020\/11\/05\/a-los-pensionados-tambien-se-les-anticipara-la-prima-navidena\/","title":{"rendered":"\u00bfA los pensionados tambi\u00e9n se les anticipar\u00e1 la prima navide\u00f1a?"},"content":{"rendered":"\n<p>\u00c1ngel Custodio Cabrera, ministro de Trabajo, explic\u00f3 en Ma\u00f1anas BLU c\u00f3mo va a ser la prima anticipada, una de las medidas para adelantar la Navidad anunciada por el presidente Iv\u00e1n Duque.<\/p>\n\n\n\n<p>&#8220;Le pagan el derecho adquirido hasta diciembre 31, lo que se hace es anticiparlo, la norma para servidores p\u00fablicos habla que el derecho a la prima es noviembre 30, entonces no hay ning\u00fan inconveniente legal y por eso se saca el decreto.<\/p>\n\n\n\n<p><br>El ministro asegur\u00f3 que se est\u00e1 instando a los entes territoriales para que acompa\u00f1en en la iniciativa que busca reactivar la econom\u00eda, aumentar el ingreso de los trabajadores y evitar las aglomeraciones en diciembre.<\/p>\n","protected":false},"excerpt":{"rendered":"<p>\u00c1ngel Custodio Cabrera, ministro de Trabajo, explic\u00f3 en Ma\u00f1anas BLU c\u00f3mo va a ser la prima anticipada, una de las medidas para adelantar la Navidad anunciada por el presidente Iv\u00e1n Duque. &#8220;Le pagan el derecho adquirido hasta diciembre 31, lo que se hace es anticiparlo, la norma para servidores p\u00fablicos habla que el derecho a&#8230;<\/p>\n","protected":false},"author":1,"featured_media":137325,"comment_status":"open","ping_status":"open","sticky":false,"template":"","format":"standard","meta":[],"categories":[1],"tags":[],"jetpack_sharing_enabled":true,"jetpack_featured_media_url":"https:\/\/malamboradio.com\/web\/wp-content\/uploads\/2020\/11\/PensionesPensionadosFotoRefCOLPRENSA.jpg","_links":{"self":[{"href":"https:\/\/malamboradio.com\/web\/wp-json\/wp\/v2\/posts\/137324"}],"collection":[{"href":"https:\/\/malamboradio.com\/web\/wp-json\/wp\/v2\/posts"}],"about":[{"href":"https:\/\/malamboradio.com\/web\/wp-json\/wp\/v2\/types\/post"}],"author":[{"embeddable":true,"href":"https:\/\/malamboradio.com\/web\/wp-json\/wp\/v2\/users\/1"}],"replies":[{"embeddable":true,"href":"https:\/\/malamboradio.com\/web\/wp-json\/wp\/v2\/comments?post=137324"}],"version-history":[{"count":1,"href":"https:\/\/malamboradio.com\/web\/wp-json\/wp\/v2\/posts\/137324\/revisions"}],"predecessor-version":[{"id":137326,"href":"https:\/\/malamboradio.com\/web\/wp-json\/wp\/v2\/posts\/137324\/revisions\/137326"}],"wp:featuredmedia":[{"embeddable":true,"href":"https:\/\/malamboradio.com\/web\/wp-json\/wp\/v2\/media\/137325"}],"wp:attachment":[{"href":"https:\/\/malamboradio.com\/web\/wp-json\/wp\/v2\/media?parent=137324"}],"wp:term":[{"taxonomy":"category","embeddable":true,"href":"https:\/\/malamboradio.com\/web\/wp-json\/wp\/v2\/categories?post=137324"},{"taxonomy":"post_tag","embeddable":true,"href":"https:\/\/malamboradio.com\/web\/wp-json\/wp\/v2\/tags?post=137324"}],"curies":[{"name":"wp","href":"https:\/\/api.w.org\/{rel}","templated":true}]}}