{"id":137086,"date":"2020-10-31T18:38:03","date_gmt":"2020-10-31T18:38:03","guid":{"rendered":"http:\/\/malamboradio.com\/web\/?p=137086"},"modified":"2020-10-31T18:38:08","modified_gmt":"2020-10-31T18:38:08","slug":"el-liberalismo-lamenta-la-muerte-de-uno-de-sus-grandes-lideres","status":"publish","type":"post","link":"https:\/\/malamboradio.com\/web\/2020\/10\/31\/el-liberalismo-lamenta-la-muerte-de-uno-de-sus-grandes-lideres\/","title":{"rendered":"EL LIBERALISMO LAMENTA LA MUERTE DE UNO DE SUS GRANDES LIDERES."},"content":{"rendered":"\n<p>Serpa fue&nbsp;candidato a la Presidencia de la Rep\u00fablica en tres ocasiones, en 1998, 2002 y 2006 por el Partido Liberal. \u200b Fue gobernador de Santander para el per\u00edodo 2008 &#8211; 2011. Fue senador de la Rep\u00fablica en el per\u00edodo 2014 &#8211; 2018.<\/p>\n\n\n\n<p>El senador Horacio Jos\u00e9 Serpa, su hijo, confirm\u00f3 la muerte en redes sociales. \u201cCon inmenso dolor les informo que mi padre Horacio Serpa Uribe ha fallecido el d\u00eda de hoy. Con mi familia siempre lo llevaremos en nuestros corazones y recordaremos sus ense\u00f1anzas\u201d, comunic\u00f3.<\/p>\n\n\n\n<p>El presidente Duque lament\u00f3 el fallecimiento y envi\u00f3 condolencias a sus familiares. \u201cHoracio Serpa siempre mostr\u00f3 el amor por su pa\u00eds en todas sus facetas\u201d, expres\u00f3 Duque.<\/p>\n\n\n\n<p>Por su parte el procurador General Fernando Carrillo expres\u00f3 \u201cse fue Horacio Serpa, expresidente de la Asamblea Constituyente del 91 y uno de los grandes art\u00edfices del Estado social de derecho que ha consolidado el esp\u00edritu de nuestra Constituci\u00f3n. Para Rosita, sus hijos, nuestro afecto y dolor por el gran vac\u00edo que deja\u201d.<br><br>El excandidato presidencial y exjefe del Equipo Negociador por parte del Gobierno de Juan Manuel Santos en el Proceso de Paz con las Farc, Humberto De La Calle, expres\u00f3: \u201cAdi\u00f3s Horacio Serpa. Un gran abrazo a Rosita, a Horacio Jos\u00e9, a toda su familia\u201d.<\/p>\n","protected":false},"excerpt":{"rendered":"<p>Serpa fue&nbsp;candidato a la Presidencia de la Rep\u00fablica en tres ocasiones, en 1998, 2002 y 2006 por el Partido Liberal. \u200b Fue gobernador de Santander para el per\u00edodo 2008 &#8211; 2011. Fue senador de la Rep\u00fablica en el per\u00edodo 2014 &#8211; 2018. El senador Horacio Jos\u00e9 Serpa, su hijo, confirm\u00f3 la muerte en redes sociales&#8230;.<\/p>\n","protected":false},"author":1,"featured_media":137087,"comment_status":"open","ping_status":"open","sticky":false,"template":"","format":"standard","meta":[],"categories":[56],"tags":[],"jetpack_sharing_enabled":true,"jetpack_featured_media_url":"https:\/\/malamboradio.com\/web\/wp-content\/uploads\/2020\/10\/1604166822_176500_1604167162_miniatura_normal.jpg","_links":{"self":[{"href":"https:\/\/malamboradio.com\/web\/wp-json\/wp\/v2\/posts\/137086"}],"collection":[{"href":"https:\/\/malamboradio.com\/web\/wp-json\/wp\/v2\/posts"}],"about":[{"href":"https:\/\/malamboradio.com\/web\/wp-json\/wp\/v2\/types\/post"}],"author":[{"embeddable":true,"href":"https:\/\/malamboradio.com\/web\/wp-json\/wp\/v2\/users\/1"}],"replies":[{"embeddable":true,"href":"https:\/\/malamboradio.com\/web\/wp-json\/wp\/v2\/comments?post=137086"}],"version-history":[{"count":1,"href":"https:\/\/malamboradio.com\/web\/wp-json\/wp\/v2\/posts\/137086\/revisions"}],"predecessor-version":[{"id":137088,"href":"https:\/\/malamboradio.com\/web\/wp-json\/wp\/v2\/posts\/137086\/revisions\/137088"}],"wp:featuredmedia":[{"embeddable":true,"href":"https:\/\/malamboradio.com\/web\/wp-json\/wp\/v2\/media\/137087"}],"wp:attachment":[{"href":"https:\/\/malamboradio.com\/web\/wp-json\/wp\/v2\/media?parent=137086"}],"wp:term":[{"taxonomy":"category","embeddable":true,"href":"https:\/\/malamboradio.com\/web\/wp-json\/wp\/v2\/categories?post=137086"},{"taxonomy":"post_tag","embeddable":true,"href":"https:\/\/malamboradio.com\/web\/wp-json\/wp\/v2\/tags?post=137086"}],"curies":[{"name":"wp","href":"https:\/\/api.w.org\/{rel}","templated":true}]}}