{"id":136505,"date":"2020-10-17T17:58:43","date_gmt":"2020-10-17T17:58:43","guid":{"rendered":"http:\/\/malamboradio.com\/web\/?p=136505"},"modified":"2020-10-17T18:14:54","modified_gmt":"2020-10-17T18:14:54","slug":"recuento-llegada-espanoles-a-america-e-invitacion-ayuntamiento","status":"publish","type":"post","link":"https:\/\/malamboradio.com\/web\/2020\/10\/17\/recuento-llegada-espanoles-a-america-e-invitacion-ayuntamiento\/","title":{"rendered":"RECUENTO LLEGADA ESPA\u00d1OLES A AM\u00c9RICA  E INVITACION AYUNTAMIENTO"},"content":{"rendered":"\n<p>Ayer volv\u00ed a ver una hermosa ni\u00f1a con nariguera, mal llamada india por los espa\u00f1oles, de la comunidad de los Tule, cuya reserva ind\u00edgena se halla en la vereda de Caim\u00e1n Nuevo, corregimiento de El Totumo, municipio de Necocl\u00ed, departamento de Antioquia.<\/p>\n\n\n\n<p>Cada vez que tengo la oportunidad de contemplarlas quedo asombrado. \u00bfEl porqu\u00e9 de este asombro?.<\/p>\n\n\n\n<p>Han transcurrido m\u00e1s de 500 a\u00f1os y esa raza a pesar de todos los vej\u00e1menes de los conquistadores, de los colonos, de los actores armados, vicisitudes de la naturaleza, pesticidas, drogas, codicia, lascivia y otras plagas que ha inventado el Homo-sapiens, a\u00fan se conservan las ind\u00edgenas de la comarca de San Blas y de Caim\u00e1n Nuevo, con su hermosura, pudor y respeto. Da gusto verlas esculpir con sus manos de dedos cortos, las legendarias molas, los collares de chaquira, los canastos de corteza de palma de iraca. En silencio mustio siguen siendo laboriosas trabajadoras. Muchos a\u00f1os anduve por sus caminos, eran como senderos transitados por hormigas arrieras.<\/p>\n\n\n\n<p>Hace 500 a\u00f1os que construyeron los espa\u00f1oles el primer poblado en tierra firme del continente americano, nos dicen los historiadores que con los restos de una nave, velamen, cuerdas, maderamen y otras, construyeron un fuerte, en el que quedaron algunos, mientras otros se dirigieron hacia las costas del frente, del Dari\u00e9n, a explorar, en busca del codiciado oro. Meses despu\u00e9s al regresar, encontraron el primer poblado en ruinas, hab\u00edan sido arrasados, quemados y masacrados los habitantes de San Sebasti\u00e1n de Urab\u00e1, hoy Necocl\u00ed, que se prepara para conmemorar el a\u00f1o venidero los 500 a\u00f1os de su fundaci\u00f3n.<\/p>\n\n\n\n<p>Osikana significa pi\u00f1al en lengua kuna, fue el primer nombre de San Sebasti\u00e1n de Urab\u00e1, hoy Necocl\u00ed, donde los historiadores de Antioquia, los escritores de Colombia, los poetas y los juglares, es esparcir\u00e1n por nuestras calles y con las frescas brisas de la mar, se deleitar\u00e1n en la tierra de los Kunas, hoy santuario de etnias.<\/p>\n\n\n\n<p>Danzar\u00e1n los afrodescendientes con el ardiente bullerengue, chand\u00e9 y mapal\u00e9. Veremos a los chilapos, sinuanos, cordobeses, con el porro paleti\u00e1o, evocar a la legendaria Mar\u00eda Varilla, mientras de sus manos engarfiadas al aire, lloran las velas de alegr\u00eda, al chisporroteo c\u00e1lido, untando el sombrero vuelti\u00e1o\u2026 hay que verlas, como mueven sus caderas, como las palmas de Osikan\u00e1 en tardes de verano, y que decir del paisa engalanado con el poncho, carriel, zurriago, cantando al viento y deleit\u00e1ndonos con sus picarescas trovas, s\u00ed, en Necocl\u00ed se conjugan todas las razas, cantera de nuestra historia.<\/p>\n\n\n\n<p>Hace 500 a\u00f1os, las n\u00edveas alas de gaviotas en el horizonte se trocaron en velas, las naves vomitaron fuego y la paz ancestral revolote\u00f3 por los aires, las lianas se conmovieron y por ello los primates, las aves canoras, los peces y todas las especies comenzaron a protestar. En alg\u00fan lugar de Urab\u00e1 se celebraba un encuentro de culturas diversas, un Nele Kuna (sabio) elevaba la mirada al cielo al escuchar los estampidos, la paz acababa de ser horadada; al mismo instante hincado de rodillas en las alfombras de arena, ALONSO DE OJEDA fundaba a San Sebasti\u00e1n de Urab\u00e1, corr\u00edan los a\u00f1os de 1509. Y en nuestras selvas por primera vez comenz\u00f3 a oler a incienso, perfume M\u00edstico del Ser Divino.&nbsp; &nbsp;<\/p>\n\n\n\n<p>ISMAEL PORTO HERRERA.&nbsp;<\/p>\n","protected":false},"excerpt":{"rendered":"<p>Ayer volv\u00ed a ver una hermosa ni\u00f1a con nariguera, mal llamada india por los espa\u00f1oles, de la comunidad de los Tule, cuya reserva ind\u00edgena se halla en la vereda de Caim\u00e1n Nuevo, corregimiento de El Totumo, municipio de Necocl\u00ed, departamento de Antioquia. Cada vez que tengo la oportunidad de contemplarlas quedo asombrado. \u00bfEl porqu\u00e9 de&#8230;<\/p>\n","protected":false},"author":1,"featured_media":136512,"comment_status":"open","ping_status":"open","sticky":false,"template":"","format":"standard","meta":[],"categories":[50,44],"tags":[],"jetpack_sharing_enabled":true,"jetpack_featured_media_url":"https:\/\/malamboradio.com\/web\/wp-content\/uploads\/2020\/10\/WhatsApp-Image-2020-10-14-at-4.52.49-PM.jpeg","_links":{"self":[{"href":"https:\/\/malamboradio.com\/web\/wp-json\/wp\/v2\/posts\/136505"}],"collection":[{"href":"https:\/\/malamboradio.com\/web\/wp-json\/wp\/v2\/posts"}],"about":[{"href":"https:\/\/malamboradio.com\/web\/wp-json\/wp\/v2\/types\/post"}],"author":[{"embeddable":true,"href":"https:\/\/malamboradio.com\/web\/wp-json\/wp\/v2\/users\/1"}],"replies":[{"embeddable":true,"href":"https:\/\/malamboradio.com\/web\/wp-json\/wp\/v2\/comments?post=136505"}],"version-history":[{"count":3,"href":"https:\/\/malamboradio.com\/web\/wp-json\/wp\/v2\/posts\/136505\/revisions"}],"predecessor-version":[{"id":136515,"href":"https:\/\/malamboradio.com\/web\/wp-json\/wp\/v2\/posts\/136505\/revisions\/136515"}],"wp:featuredmedia":[{"embeddable":true,"href":"https:\/\/malamboradio.com\/web\/wp-json\/wp\/v2\/media\/136512"}],"wp:attachment":[{"href":"https:\/\/malamboradio.com\/web\/wp-json\/wp\/v2\/media?parent=136505"}],"wp:term":[{"taxonomy":"category","embeddable":true,"href":"https:\/\/malamboradio.com\/web\/wp-json\/wp\/v2\/categories?post=136505"},{"taxonomy":"post_tag","embeddable":true,"href":"https:\/\/malamboradio.com\/web\/wp-json\/wp\/v2\/tags?post=136505"}],"curies":[{"name":"wp","href":"https:\/\/api.w.org\/{rel}","templated":true}]}}