{"id":134987,"date":"2020-09-25T20:47:25","date_gmt":"2020-09-25T20:47:25","guid":{"rendered":"http:\/\/malamboradio.com\/web\/?p=134987"},"modified":"2020-09-25T20:47:27","modified_gmt":"2020-09-25T20:47:27","slug":"sicarios-asesinaron-de-dos-balazos-a-hombre-en-una-calle-del-barrio-la-esmeralda","status":"publish","type":"post","link":"https:\/\/malamboradio.com\/web\/2020\/09\/25\/sicarios-asesinaron-de-dos-balazos-a-hombre-en-una-calle-del-barrio-la-esmeralda\/","title":{"rendered":"Sicarios asesinaron de dos balazos a hombre en una calle del barrio La Esmeralda"},"content":{"rendered":"\n<p>Muri\u00f3 en el lugar de los hechos.<\/p>\n\n\n\n<p>Un crimen se present\u00f3 al mediod\u00eda de este viernes en la calle 73 con carrera 15, barrio La Esmeralda, en el suroccidente de Barranquilla.&nbsp;<\/p>\n\n\n\n<p>Un hombre, a\u00fan sin identificar, fue asesinado por sicarios motorizados cuando este caminaba por una estrecha cuadra del sector.<\/p>\n\n\n\n<p>La informaci\u00f3n recopilada por las autoridades precisa que el parrillero de la motocicleta, sin bajarse de la misma, dispar\u00f3 en varias ocasiones contra la humanidad de la v\u00edctima.&nbsp;<\/p>\n\n\n\n<p>Seg\u00fan el reporte policial, recibi\u00f3 un balazo en el t\u00f3rax y otro en el antebrazo derecho. Sin embargo, vecinos del sector se\u00f1alaron que escucharon alrededor de 10 balazos.<\/p>\n\n\n\n<p>El CTI de la Fiscal\u00eda lleg\u00f3 al lugar para realizar la inspecci\u00f3n del cad\u00e1ver y junto con la Polic\u00eda indagan las m\u00f3viles del crimen.<\/p>\n","protected":false},"excerpt":{"rendered":"<p>Muri\u00f3 en el lugar de los hechos. Un crimen se present\u00f3 al mediod\u00eda de este viernes en la calle 73 con carrera 15, barrio La Esmeralda, en el suroccidente de Barranquilla.&nbsp; Un hombre, a\u00fan sin identificar, fue asesinado por sicarios motorizados cuando este caminaba por una estrecha cuadra del sector. La informaci\u00f3n recopilada por las&#8230;<\/p>\n","protected":false},"author":1,"featured_media":134988,"comment_status":"open","ping_status":"open","sticky":false,"template":"","format":"standard","meta":[],"categories":[1],"tags":[],"jetpack_sharing_enabled":true,"jetpack_featured_media_url":"https:\/\/malamboradio.com\/web\/wp-content\/uploads\/2020\/09\/medicina-_fachada-_barranquilla_0.jpeg","_links":{"self":[{"href":"https:\/\/malamboradio.com\/web\/wp-json\/wp\/v2\/posts\/134987"}],"collection":[{"href":"https:\/\/malamboradio.com\/web\/wp-json\/wp\/v2\/posts"}],"about":[{"href":"https:\/\/malamboradio.com\/web\/wp-json\/wp\/v2\/types\/post"}],"author":[{"embeddable":true,"href":"https:\/\/malamboradio.com\/web\/wp-json\/wp\/v2\/users\/1"}],"replies":[{"embeddable":true,"href":"https:\/\/malamboradio.com\/web\/wp-json\/wp\/v2\/comments?post=134987"}],"version-history":[{"count":1,"href":"https:\/\/malamboradio.com\/web\/wp-json\/wp\/v2\/posts\/134987\/revisions"}],"predecessor-version":[{"id":134989,"href":"https:\/\/malamboradio.com\/web\/wp-json\/wp\/v2\/posts\/134987\/revisions\/134989"}],"wp:featuredmedia":[{"embeddable":true,"href":"https:\/\/malamboradio.com\/web\/wp-json\/wp\/v2\/media\/134988"}],"wp:attachment":[{"href":"https:\/\/malamboradio.com\/web\/wp-json\/wp\/v2\/media?parent=134987"}],"wp:term":[{"taxonomy":"category","embeddable":true,"href":"https:\/\/malamboradio.com\/web\/wp-json\/wp\/v2\/categories?post=134987"},{"taxonomy":"post_tag","embeddable":true,"href":"https:\/\/malamboradio.com\/web\/wp-json\/wp\/v2\/tags?post=134987"}],"curies":[{"name":"wp","href":"https:\/\/api.w.org\/{rel}","templated":true}]}}