{"id":134924,"date":"2020-09-24T11:50:04","date_gmt":"2020-09-24T11:50:04","guid":{"rendered":"http:\/\/malamboradio.com\/web\/?p=134924"},"modified":"2020-09-24T11:50:07","modified_gmt":"2020-09-24T11:50:07","slug":"primeras-10-millones-de-vacunas-de-covid-19-seran-para-la-poblacion-de-riesgo","status":"publish","type":"post","link":"https:\/\/malamboradio.com\/web\/2020\/09\/24\/primeras-10-millones-de-vacunas-de-covid-19-seran-para-la-poblacion-de-riesgo\/","title":{"rendered":"\u201cPrimeras 10 millones de vacunas de covid-19 ser\u00e1n para la poblaci\u00f3n de riesgo\u201d"},"content":{"rendered":"\n<p><strong>Bogot\u00e1 D.C., 23 de septiembre de 2020.<\/strong>&nbsp;Un mensaje de advertencia dio el ministro de Salud y Protecci\u00f3n Social, Fernando Ruiz G\u00f3mez al indicar que en la medida que crece la indisciplina en la poblaci\u00f3n, el riesgo del covid-19 se incrementa. &#8220;En este momento Colombia se encuentra en una situaci\u00f3n en la que est\u00e1 bajando el primer pico epid\u00e9mico, pero s\u00ed hay una eventualidad de que puedan existir rebrotes&#8221;, precis\u00f3.<\/p>\n\n\n\n<p>Ruiz G\u00f3mez se\u00f1al\u00f3 que otro aspecto es que no se conoce c\u00f3mo seguir\u00e1 siendo la baja en el contagio a nivel de pa\u00eds, aunque ya se sabe el de algunas ciudades, por ejemplo, Barranquilla. &#8220;Pero indudablemente en la velocidad que est\u00e1 bajando la afectaci\u00f3n -se est\u00e1 aplanando la curva-, lo que nos parece importante tener en cuenta&#8221;, dijo.<\/p>\n\n\n\n<p>De esta manera, el ministro invit\u00f3 a los colombianos a mantener el comportamiento social, evitando aglomeraciones, cumpliendo los protocolos y manteniendo las recomendaciones de uso de tapabocas, distanciamiento f\u00edsico de dos metros y permanente lavado de manos.<\/p>\n\n\n\n<p>Aclar\u00f3 adem\u00e1s que desde el Gobierno Nacional no se tiene contemplada otra cuarentena estricta y que el escenario actual es de apertura, mantenimiento del aislamiento selectivo, llamado a la disciplina y continuidad del PRASS.<\/p>\n\n\n\n<p>Frente al prograna PRASS, asegur\u00f3 que ya se encuentra en implementaci\u00f3n en varias partes del pa\u00eds y se est\u00e1 incrementando el rastreo telef\u00f3nico.<\/p>\n\n\n\n<p>&#8220;Respecto a las pruebas, Colombia tiene actualmente una capacidad de 50 mil diarias de PCR, m\u00e1s otra muy importante de ant\u00edgenos. La reducci\u00f3n se ha dado porque se ha disminuido la afectaci\u00f3n&#8221;, explic\u00f3.<\/p>\n\n\n\n<p>Dicho lo anterior, Ruiz indic\u00f3 que frente a la solicitud de la Alcand\u00eda de Barranquilla de dar apertura a p\u00fablico en el partido de la Selecci\u00f3n Colombia en octubre pr\u00f3ximo, a\u00fan no es el momento dada la posibilidad de rebrote, por lo que se solicita espera y que a nivel pa\u00eds haya bajado la curva.<\/p>\n\n\n\n<p><strong>Acceso a la vacuna<\/strong><\/p>\n\n\n\n<p>En otros temas, el ministro de Salud record\u00f3 que hay dos formas para acceder a la eventual vacuna para el covid-19. A trav\u00e9s de mecanismos multilaterales &#8220;que son desde los cuales con la Organizaci\u00f3n Mundial de la Salud se han venido organizando los pa\u00edses para tener acceso a la vacuna en unas condiciones equitativas&#8221;, explic\u00f3 Ruiz G\u00f3mez, a\u00f1adiendo que uno de estos es el COVAX.<\/p>\n\n\n\n<p>Por otra parte, est\u00e1n los mecanismos bilaterales en los cuales cada pa\u00eds compra a cada proveedor farmac\u00e9utico la respectiva vacuna. &#8220;Los dos tienen ventajas y desventajas, en este \u00faltimo el pro es que se puede comprar m\u00e1s r\u00e1pido; mientras que en el COVAX lo bueno est\u00e1 en que se tiene un acceso asegurado, se tiene menor riesgo en la inversi\u00f3n y posibilidad de un mayor n\u00famero de vacunas&#8221;, explic\u00f3 Ruiz G\u00f3mez.<\/p>\n\n\n\n<p>Colombia por su parte ha estado dispuesto a participar en el mecanismo COVAX, para el cual el pa\u00eds se comprometi\u00f3 a adquirir 10 millones de dosis, dirigidas a las poblaciones de mayor riesgo que son los adultos mayores de 60 a\u00f1os, personas con comorbilidades y los trabajadores de la salud.<\/p>\n\n\n\n<p>Indic\u00f3 que este compromiso se dio en una relaci\u00f3n directa desde la instancia de asesora de vacunas del Gobierno Nacional, conformada por varios ministerios y el Departamento Nacional de Planeaci\u00f3n -DNP-. &#8220;El costo inicial de estos 10 millones de dosis es de 106 millones de d\u00f3lares, lo cual deber\u00e1 pagarse antes de finalizar octubre, para poder tener acceso&#8221;, precis\u00f3.<\/p>\n\n\n\n<p>En el mismo sentido, Ruiz G\u00f3mez aclar\u00f3 que con estas negociaciones no se descarta que se puedan dar otras, dado que el pa\u00eds se encuentra abierto frente a las opciones que existan. &#8220;Estamos esperando que se genere m\u00e1s evidencia frente a la eficacia y sobre todo la seguridad&#8221;, destac\u00f3, a\u00f1adiendo que el objetivo siempre es proteger a la poblaci\u00f3n.<\/p>\n\n\n\n<p>Por lo pronto, el ministro indic\u00f3 que lo que se espera -desde el mecanismo COVAX- es que la vacuna est\u00e9 disponible en el segundo semestre del a\u00f1o 2021. Mientras que por negociaciones bilaterales se podr\u00edan tener resultados m\u00e1s tempranos, incluso para el primer semestre del a\u00f1o entrante.<\/p>\n\n\n\n<p>Frente a una distribuci\u00f3n de la vacuna en el pa\u00eds, Ruiz destac\u00f3 que Colombia tiene ya una log\u00edstica desde la cual se vacuna a 10 millones de personas al a\u00f1o. Adem\u00e1s, est\u00e1 la infraestructura de una cadena de fr\u00edo que aumenta la capacidad para otras 10 millones de dosis y sobre esos par\u00e1metros ya est\u00e1 estructurado el esquema de vacunaci\u00f3n para covid-19.<\/p>\n\n\n\n<p>&#8220;Debemos tener en cuenta que hay al menos dos tipos de vacunas entre los desarrollos que van m\u00e1s avanzados que tienen requerimiento de cadena de fr\u00edo. Eso solo para decir que no todas las vacunas son iguales&#8221;, concluy\u00f3 Ruiz.<\/p>\n","protected":false},"excerpt":{"rendered":"<p>Bogot\u00e1 D.C., 23 de septiembre de 2020.&nbsp;Un mensaje de advertencia dio el ministro de Salud y Protecci\u00f3n Social, Fernando Ruiz G\u00f3mez al indicar que en la medida que crece la indisciplina en la poblaci\u00f3n, el riesgo del covid-19 se incrementa. &#8220;En este momento Colombia se encuentra en una situaci\u00f3n en la que est\u00e1 bajando el&#8230;<\/p>\n","protected":false},"author":1,"featured_media":134925,"comment_status":"open","ping_status":"open","sticky":false,"template":"","format":"standard","meta":[],"categories":[1],"tags":[],"jetpack_sharing_enabled":true,"jetpack_featured_media_url":"https:\/\/malamboradio.com\/web\/wp-content\/uploads\/2020\/09\/Boletin-175.png","_links":{"self":[{"href":"https:\/\/malamboradio.com\/web\/wp-json\/wp\/v2\/posts\/134924"}],"collection":[{"href":"https:\/\/malamboradio.com\/web\/wp-json\/wp\/v2\/posts"}],"about":[{"href":"https:\/\/malamboradio.com\/web\/wp-json\/wp\/v2\/types\/post"}],"author":[{"embeddable":true,"href":"https:\/\/malamboradio.com\/web\/wp-json\/wp\/v2\/users\/1"}],"replies":[{"embeddable":true,"href":"https:\/\/malamboradio.com\/web\/wp-json\/wp\/v2\/comments?post=134924"}],"version-history":[{"count":1,"href":"https:\/\/malamboradio.com\/web\/wp-json\/wp\/v2\/posts\/134924\/revisions"}],"predecessor-version":[{"id":134926,"href":"https:\/\/malamboradio.com\/web\/wp-json\/wp\/v2\/posts\/134924\/revisions\/134926"}],"wp:featuredmedia":[{"embeddable":true,"href":"https:\/\/malamboradio.com\/web\/wp-json\/wp\/v2\/media\/134925"}],"wp:attachment":[{"href":"https:\/\/malamboradio.com\/web\/wp-json\/wp\/v2\/media?parent=134924"}],"wp:term":[{"taxonomy":"category","embeddable":true,"href":"https:\/\/malamboradio.com\/web\/wp-json\/wp\/v2\/categories?post=134924"},{"taxonomy":"post_tag","embeddable":true,"href":"https:\/\/malamboradio.com\/web\/wp-json\/wp\/v2\/tags?post=134924"}],"curies":[{"name":"wp","href":"https:\/\/api.w.org\/{rel}","templated":true}]}}