{"id":134590,"date":"2020-09-21T14:44:38","date_gmt":"2020-09-21T14:44:38","guid":{"rendered":"http:\/\/malamboradio.com\/web\/?p=134590"},"modified":"2020-09-21T14:44:40","modified_gmt":"2020-09-21T14:44:40","slug":"artesanias-del-atlantico-en-la-mira-de-15-paises-gracias-a-la-feria-francesa-maisonobjet","status":"publish","type":"post","link":"https:\/\/malamboradio.com\/web\/2020\/09\/21\/artesanias-del-atlantico-en-la-mira-de-15-paises-gracias-a-la-feria-francesa-maisonobjet\/","title":{"rendered":"Artesan\u00edas del Atl\u00e1ntico, en la mira de 15 pa\u00edses gracias a la feria francesa Maison&#038;Objet"},"content":{"rendered":"\n<p>Artesanos del Departamento contaron con el respaldo de la Gobernaci\u00f3n del Atl\u00e1ntico para su participaci\u00f3n en esta feria, que reactiv\u00f3 la econom\u00eda de 500 familias artesanas.<\/p>\n\n\n\n<p><em>\u2022 Las piezas de la colecci\u00f3n &#8216;Guardianes&#8217; generaron contactos comerciales entre marcas y clientes de diferentes rincones del mundo, que aplaudieron el oficio artesanal del Atl\u00e1ntico.<\/em><br><em>\u2022 Gracias a su exitosa participaci\u00f3n, la colecci\u00f3n de Artesan\u00edas del Atl\u00e1ntico seguir\u00e1 exhibida en la plataforma de la feria de dise\u00f1o internacional.<\/em><\/p>\n\n\n\n<p><strong>Barranquilla, 20 de septiembre de 2020. Gobernaci\u00f3n del Atl\u00e1ntico<\/strong>. Los artesanos del Atl\u00e1ntico siguen pisando fuerte en el mercado internacional. Este fin de semana, con el apoyo de la Gobernaci\u00f3n del Atl\u00e1ntico, cerraron con broche de oro su participaci\u00f3n en la feria de dise\u00f1o francesa Maison&amp;Objet, una de las m\u00e1s importantes en el sector de hogar y decoraci\u00f3n en el mundo.<\/p>\n\n\n\n<p>&#8220;Logramos 70 contactos comerciales provenientes de 15 pa\u00edses, que exaltaron el oficio de nuestros artesanos y sus t\u00e9cnicas. Estamos muy orgullosos de esta representaci\u00f3n de 500 familias artesanas, que se adaptaron a la tecnolog\u00eda durante la temporada de pandemia para seguir dise\u00f1ado sus piezas&#8221;, explic\u00f3 la gobernadora del Atl\u00e1ntico, Elsa Noguera.<\/p>\n\n\n\n<p>Durante la feria Maison&amp;Objet, que se realiz\u00f3 del 4 al 18 de septiembre, estuvieron en exhibici\u00f3n 120 referencias de productos, elaboradas en 48 talleres artesanales del Departamento. Las piezas artesanales m\u00e1s solicitadas por los visitantes virtuales fueron los individuales hechos en palma de iraca, fique y enea; servilleteros y abanicos elaborados en iraca, as\u00ed como bandejas y platos tallados madera.<\/p>\n\n\n\n<p>La calidad de los productos, sus t\u00e9cnicas y su belleza captaron la atenci\u00f3n de clientes en pa\u00edses como Estados Unidos, Arabia Saudita, Francia, Espa\u00f1a, Inglaterra, Holanda, Indonesia, Italia, Jap\u00f3n, Rep\u00fablica Dominicana, Canad\u00e1, China, Suecia, Grecia, Dinamarca y Emiratos \u00c1rabes. Debido a su exitosa participaci\u00f3n, las piezas continuar\u00e1n en la plataforma virtual de la feria hasta septiembre del pr\u00f3ximo a\u00f1o. <\/p>\n\n\n\n<figure class=\"wp-block-image\"><img decoding=\"async\" loading=\"lazy\" width=\"1024\" height=\"574\" src=\"http:\/\/malamboradio.com\/web\/wp-content\/uploads\/2020\/09\/WhatsApp_Image_2020-09-20_at_140204_1-1024x574.jpeg\" alt=\"\" class=\"wp-image-134592\" srcset=\"https:\/\/malamboradio.com\/web\/wp-content\/uploads\/2020\/09\/WhatsApp_Image_2020-09-20_at_140204_1-1024x574.jpeg 1024w, https:\/\/malamboradio.com\/web\/wp-content\/uploads\/2020\/09\/WhatsApp_Image_2020-09-20_at_140204_1-300x168.jpeg 300w, https:\/\/malamboradio.com\/web\/wp-content\/uploads\/2020\/09\/WhatsApp_Image_2020-09-20_at_140204_1-768x431.jpeg 768w, https:\/\/malamboradio.com\/web\/wp-content\/uploads\/2020\/09\/WhatsApp_Image_2020-09-20_at_140204_1-580x325.jpeg 580w, https:\/\/malamboradio.com\/web\/wp-content\/uploads\/2020\/09\/WhatsApp_Image_2020-09-20_at_140204_1-860x482.jpeg 860w, https:\/\/malamboradio.com\/web\/wp-content\/uploads\/2020\/09\/WhatsApp_Image_2020-09-20_at_140204_1-1160x651.jpeg 1160w, https:\/\/malamboradio.com\/web\/wp-content\/uploads\/2020\/09\/WhatsApp_Image_2020-09-20_at_140204_1.jpeg 1280w\" sizes=\"(max-width: 1024px) 100vw, 1024px\" \/><\/figure>\n\n\n\n<p>&#8220;Esta continuidad en la plataforma de Maison&amp;Objet permitir\u00e1 establecer m\u00e1s contactos comerciales, que beneficiar\u00e1n directamente a nuestros artesanos. Si el comportamiento del virus lo permite, en enero de 2021 estaremos en la pr\u00f3xima edici\u00f3n de la feria, en Par\u00eds, para seguir cumpliendo los sue\u00f1os de nuestros artistas&#8221;, se\u00f1al\u00f3 la secretaria de Cultura y Patrimonio, Marcela D\u00e1vila.<\/p>\n\n\n\n<p><strong>&#8216;La Toti&#8217;, enamorada de los artesanos<\/strong><\/p>\n\n\n\n<p>Mientras los artesanos del Atl\u00e1ntico culminaban digitalmente su participaci\u00f3n en la feria francesa, una de las celebridades m\u00e1s queridas por los barranquilleros destac\u00f3 los oficios de sus coterr\u00e1neos a trav\u00e9s de redes sociales.<\/p>\n\n\n\n<p>&#8220;Gracias Gobernaci\u00f3n por este regalo tan divino. La colecci\u00f3n &#8216;Guardianes&#8217; de Artesan\u00edas del Atl\u00e1ntico&#8221;, escribi\u00f3 Sof\u00eda Vergara en su cuenta de Instagram, acompa\u00f1ando su mensaje con la etiqueta #MiTierra.<\/p>\n\n\n\n<p>Uno de los m\u00e1s orgullosos con este respaldo de la actriz barranquillera fue el artesano Luis Demetrio Llanos quien, desde Galapa, talla cuencos y colibr\u00edes que han sido la sensaci\u00f3n entre los amantes del arte de las mesas.<\/p>\n\n\n\n<p>&#8220;Qu\u00e9 bacano ver nuestro trabajo en ferias internacionales y en manos de artistas como Sof\u00eda. Gracias a la Gobernaci\u00f3n del Atl\u00e1ntico por esta visibilizaci\u00f3n que le han dado a nuestro oficio&#8221;, dijo Demetrio, heredero de una tradici\u00f3n de m\u00e1scaras en el Atl\u00e1ntico.<\/p>\n\n\n\n<p>Actualmente, el programa Artesan\u00edas del Atl\u00e1ntico beneficia a 4 mil artesanos del Departamento, cuyas piezas siguen a la venta a trav\u00e9s de la p\u00e1gina web <a rel=\"noreferrer noopener\" href=\"https:\/\/artesaniasdelatlantico.com\/es\/\" target=\"_blank\">\u00a0www.artesaniasdelatlantico.com<\/a><\/p>\n","protected":false},"excerpt":{"rendered":"<p>Artesanos del Departamento contaron con el respaldo de la Gobernaci\u00f3n del Atl\u00e1ntico para su participaci\u00f3n en esta feria, que reactiv\u00f3 la econom\u00eda de 500 familias artesanas. \u2022 Las piezas de la colecci\u00f3n &#8216;Guardianes&#8217; generaron contactos comerciales entre marcas y clientes de diferentes rincones del mundo, que aplaudieron el oficio artesanal del Atl\u00e1ntico.\u2022 Gracias a su&#8230;<\/p>\n","protected":false},"author":1,"featured_media":134593,"comment_status":"open","ping_status":"open","sticky":false,"template":"","format":"standard","meta":[],"categories":[1],"tags":[],"jetpack_sharing_enabled":true,"jetpack_featured_media_url":"https:\/\/malamboradio.com\/web\/wp-content\/uploads\/2020\/09\/Atlantico-artesanias2020.jpg","_links":{"self":[{"href":"https:\/\/malamboradio.com\/web\/wp-json\/wp\/v2\/posts\/134590"}],"collection":[{"href":"https:\/\/malamboradio.com\/web\/wp-json\/wp\/v2\/posts"}],"about":[{"href":"https:\/\/malamboradio.com\/web\/wp-json\/wp\/v2\/types\/post"}],"author":[{"embeddable":true,"href":"https:\/\/malamboradio.com\/web\/wp-json\/wp\/v2\/users\/1"}],"replies":[{"embeddable":true,"href":"https:\/\/malamboradio.com\/web\/wp-json\/wp\/v2\/comments?post=134590"}],"version-history":[{"count":1,"href":"https:\/\/malamboradio.com\/web\/wp-json\/wp\/v2\/posts\/134590\/revisions"}],"predecessor-version":[{"id":134594,"href":"https:\/\/malamboradio.com\/web\/wp-json\/wp\/v2\/posts\/134590\/revisions\/134594"}],"wp:featuredmedia":[{"embeddable":true,"href":"https:\/\/malamboradio.com\/web\/wp-json\/wp\/v2\/media\/134593"}],"wp:attachment":[{"href":"https:\/\/malamboradio.com\/web\/wp-json\/wp\/v2\/media?parent=134590"}],"wp:term":[{"taxonomy":"category","embeddable":true,"href":"https:\/\/malamboradio.com\/web\/wp-json\/wp\/v2\/categories?post=134590"},{"taxonomy":"post_tag","embeddable":true,"href":"https:\/\/malamboradio.com\/web\/wp-json\/wp\/v2\/tags?post=134590"}],"curies":[{"name":"wp","href":"https:\/\/api.w.org\/{rel}","templated":true}]}}