{"id":134312,"date":"2020-09-18T15:01:13","date_gmt":"2020-09-18T15:01:13","guid":{"rendered":"http:\/\/malamboradio.com\/web\/?p=134312"},"modified":"2020-09-18T15:01:15","modified_gmt":"2020-09-18T15:01:15","slug":"tortura-y-homicidio-agravado-los-delitos-que-le-imputaran-a-los-dos-patrulleros","status":"publish","type":"post","link":"https:\/\/malamboradio.com\/web\/2020\/09\/18\/tortura-y-homicidio-agravado-los-delitos-que-le-imputaran-a-los-dos-patrulleros\/","title":{"rendered":"Tortura y homicidio agravado, los delitos que le imputar\u00e1n a los dos patrulleros"},"content":{"rendered":"\n<p>Tambi\u00e9n pedir\u00e1 medida de aseguramiento en centro carcelario.<\/p>\n\n\n\n<p>El Fiscal General de la Naci\u00f3n, Francisco Barbosa, anunci\u00f3 este viernes que el ente acusador le imputar\u00e1 los delitos de tortura y homicidio agravado a los patrulleros&nbsp;<strong>Harby Rodr\u00edguez D\u00edaz y Juan Camilo Lloreda<\/strong>, por el asesinato del abogado&nbsp;<strong>Javier Ord\u00f3\u00f1ez.<\/strong><\/p>\n\n\n\n<p>Adem\u00e1s, el jefe del ente judicial inform\u00f3 que van a solicitar medidas de aseguramiento en centro carcelario.<\/p>\n\n\n\n<p><em>&#8220;Asum\u00ed la direcci\u00f3n de las investigaciones en un trabajo conjunto con las diferentes unidades de la Fiscal\u00eda, para resolver en una semana el crimen&#8221;<\/em>, expres\u00f3 el Fiscal General.<\/p>\n\n\n\n<p>Recordemos que Lloreda fue capturado este viernes. Se entreg\u00f3 despu\u00e9s de estar varias horas desaparecido.<\/p>\n\n\n\n<p>El otro polic\u00eda implicado en el hecho, Harby Rodr\u00edguez D\u00edaz, fue detenido el jueves, tras las \u00f3rdenes de captura emitidas por un fiscal de derechos humanos.<\/p>\n\n\n\n<p>El crimen de Javier Ord\u00f3\u00f1ez, ocurri\u00f3 el pasado 9 de septiembre. Fue atacado de manera brutal en el barrio Villa Luz y despu\u00e9s en un CAI.<\/p>\n","protected":false},"excerpt":{"rendered":"<p>Tambi\u00e9n pedir\u00e1 medida de aseguramiento en centro carcelario. El Fiscal General de la Naci\u00f3n, Francisco Barbosa, anunci\u00f3 este viernes que el ente acusador le imputar\u00e1 los delitos de tortura y homicidio agravado a los patrulleros&nbsp;Harby Rodr\u00edguez D\u00edaz y Juan Camilo Lloreda, por el asesinato del abogado&nbsp;Javier Ord\u00f3\u00f1ez. Adem\u00e1s, el jefe del ente judicial inform\u00f3 que&#8230;<\/p>\n","protected":false},"author":1,"featured_media":134314,"comment_status":"open","ping_status":"open","sticky":false,"template":"","format":"standard","meta":[],"categories":[1],"tags":[],"jetpack_sharing_enabled":true,"jetpack_featured_media_url":"https:\/\/malamboradio.com\/web\/wp-content\/uploads\/2020\/09\/1200px-Francisco_Barbosa_Delgado.jpg","_links":{"self":[{"href":"https:\/\/malamboradio.com\/web\/wp-json\/wp\/v2\/posts\/134312"}],"collection":[{"href":"https:\/\/malamboradio.com\/web\/wp-json\/wp\/v2\/posts"}],"about":[{"href":"https:\/\/malamboradio.com\/web\/wp-json\/wp\/v2\/types\/post"}],"author":[{"embeddable":true,"href":"https:\/\/malamboradio.com\/web\/wp-json\/wp\/v2\/users\/1"}],"replies":[{"embeddable":true,"href":"https:\/\/malamboradio.com\/web\/wp-json\/wp\/v2\/comments?post=134312"}],"version-history":[{"count":1,"href":"https:\/\/malamboradio.com\/web\/wp-json\/wp\/v2\/posts\/134312\/revisions"}],"predecessor-version":[{"id":134315,"href":"https:\/\/malamboradio.com\/web\/wp-json\/wp\/v2\/posts\/134312\/revisions\/134315"}],"wp:featuredmedia":[{"embeddable":true,"href":"https:\/\/malamboradio.com\/web\/wp-json\/wp\/v2\/media\/134314"}],"wp:attachment":[{"href":"https:\/\/malamboradio.com\/web\/wp-json\/wp\/v2\/media?parent=134312"}],"wp:term":[{"taxonomy":"category","embeddable":true,"href":"https:\/\/malamboradio.com\/web\/wp-json\/wp\/v2\/categories?post=134312"},{"taxonomy":"post_tag","embeddable":true,"href":"https:\/\/malamboradio.com\/web\/wp-json\/wp\/v2\/tags?post=134312"}],"curies":[{"name":"wp","href":"https:\/\/api.w.org\/{rel}","templated":true}]}}