{"id":131711,"date":"2020-09-10T15:29:23","date_gmt":"2020-09-10T15:29:23","guid":{"rendered":"http:\/\/malamboradio.com\/web\/?p=131711"},"modified":"2020-09-10T15:29:25","modified_gmt":"2020-09-10T15:29:25","slug":"alarma-fuerte-erosion-del-rio-magdalena-amenaza-los-cultivos-en-vereda-caimital-de-malambo","status":"publish","type":"post","link":"https:\/\/malamboradio.com\/web\/2020\/09\/10\/alarma-fuerte-erosion-del-rio-magdalena-amenaza-los-cultivos-en-vereda-caimital-de-malambo\/","title":{"rendered":"\u00a1Alarma! Fuerte erosi\u00f3n del r\u00edo Magdalena amenaza los cultivos en vereda Caimital de Malambo"},"content":{"rendered":"\n<p>Urgen intervenci\u00f3n de las autoridades, principalmente de Cormagdalena.<\/p>\n\n\n\n<p>Los habitantes de la vereda Caimital, en el municipio de Malambo, se encuentran angustiados por la fuerte erosi\u00f3n que sigue generando el r\u00edo Magdalena, amenazando con arrasar los cultivos del \u00e1rea.<\/p>\n\n\n\n<p>Esta situaci\u00f3n afecta a por lo menos 40 familias de la vereda y la erosi\u00f3n ha avanzado de tal manera que est\u00e1 acabando con la ribera, dificultando la movilidad para poder sacar y comercial los productos agr\u00edcolas que con tantas dificultades han venido cultivando los campesinos, en medio de la pandemia por el Covid-19, generando mayores perjuicios econ\u00f3micos a esa poblaci\u00f3n.<\/p>\n\n\n\n<p>La situaci\u00f3n no es novedosa, desde hace varios a\u00f1os se viene alertando a la Alcald\u00eda de Malambo y a Cormagdalena, urgiendo acciones concretas de prevenci\u00f3n y contenci\u00f3n, con resultados negativos. <\/p>\n\n\n\n<figure class=\"wp-block-image\"><img decoding=\"async\" loading=\"lazy\" width=\"1024\" height=\"573\" src=\"http:\/\/malamboradio.com\/web\/wp-content\/uploads\/2020\/09\/malambo_caimital4-1024x573.jpg\" alt=\"\" class=\"wp-image-131713\" srcset=\"https:\/\/malamboradio.com\/web\/wp-content\/uploads\/2020\/09\/malambo_caimital4-1024x573.jpg 1024w, https:\/\/malamboradio.com\/web\/wp-content\/uploads\/2020\/09\/malambo_caimital4-300x168.jpg 300w, https:\/\/malamboradio.com\/web\/wp-content\/uploads\/2020\/09\/malambo_caimital4-768x430.jpg 768w, https:\/\/malamboradio.com\/web\/wp-content\/uploads\/2020\/09\/malambo_caimital4-580x325.jpg 580w, https:\/\/malamboradio.com\/web\/wp-content\/uploads\/2020\/09\/malambo_caimital4-860x481.jpg 860w, https:\/\/malamboradio.com\/web\/wp-content\/uploads\/2020\/09\/malambo_caimital4-1160x649.jpg 1160w, https:\/\/malamboradio.com\/web\/wp-content\/uploads\/2020\/09\/malambo_caimital4.jpg 1260w\" sizes=\"(max-width: 1024px) 100vw, 1024px\" \/><\/figure>\n\n\n\n<p><em>\u201cA\u00f1o tras a\u00f1o, desde 2009, se ha acentuado la situaci\u00f3n. En los \u00faltimos 3 a\u00f1os la erosi\u00f3n se ha llevado m\u00e1s de 350 metros de orilla en algunos sectores, han desaparecido 15 parcelas y otras 30 han perdido entre el\u00a0 40% y el 50% de su extensi\u00f3n. Se las ha llevado el r\u00edo. El camino ha desaparecido, los vecinos lo rehabilitan, pero se dificultan por la falta de espacio\u201d<\/em> relat\u00f3 \u00c1lvaro Camargo, uno de los afectados por la grave situaci\u00f3n.   <\/p>\n\n\n\n<p>Indic\u00f3 que son varias las peticiones que se le han hecho a la Alcald\u00eda de Malambo para atender la emergencia, con resultados infructuosos.<\/p>\n\n\n\n<p>Record\u00f3 que la anterior administraci\u00f3n realiz\u00f3\u00a0 gestiones y present\u00f3 un proyecto de soluciones, pero Cormagdalena no lo viabiliz\u00f3. <\/p>\n\n\n\n<p><em>\u201cLa situaci\u00f3n es grave,la lluvia, la erosi\u00f3n y p\u00e9rdida de camino expone a accidentes a las personas\u201d<\/em>, manifest\u00f3.<\/p>\n\n\n\n<p>Este a\u00f1o le han presentado 4 peticiones a la Alcald\u00eda de Malambo para que a trav\u00e9s de ella se adelanten gestiones ante Gobernaci\u00f3n y Cormagdalena.<\/p>\n\n\n\n<p>Sin embargo, Cormagdalena, siendo la principal responsable de la situaci\u00f3n, no ha atendido los requerimientos de la ciudadan\u00eda que se han venido presentando desde el a\u00f1o 2015. <\/p>\n\n\n\n<p><em>\u201cNo hubo visto bueno para construir un jarill\u00f3n de protecci\u00f3n\u201d<\/em>, remat\u00f3.<\/p>\n\n\n\n<p>Este hecho devela nuevamente la desatenci\u00f3n de Cormagdalena para atender, de manera oportuna y eficaz, situaciones que podr\u00edan generar tragedias en la ribera.<\/p>\n","protected":false},"excerpt":{"rendered":"<p>Urgen intervenci\u00f3n de las autoridades, principalmente de Cormagdalena. Los habitantes de la vereda Caimital, en el municipio de Malambo, se encuentran angustiados por la fuerte erosi\u00f3n que sigue generando el r\u00edo Magdalena, amenazando con arrasar los cultivos del \u00e1rea. Esta situaci\u00f3n afecta a por lo menos 40 familias de la vereda y la erosi\u00f3n ha&#8230;<\/p>\n","protected":false},"author":1,"featured_media":131715,"comment_status":"open","ping_status":"open","sticky":false,"template":"","format":"standard","meta":[],"categories":[1],"tags":[],"jetpack_sharing_enabled":true,"jetpack_featured_media_url":"https:\/\/malamboradio.com\/web\/wp-content\/uploads\/2020\/09\/malambo_caimital3.jpg","_links":{"self":[{"href":"https:\/\/malamboradio.com\/web\/wp-json\/wp\/v2\/posts\/131711"}],"collection":[{"href":"https:\/\/malamboradio.com\/web\/wp-json\/wp\/v2\/posts"}],"about":[{"href":"https:\/\/malamboradio.com\/web\/wp-json\/wp\/v2\/types\/post"}],"author":[{"embeddable":true,"href":"https:\/\/malamboradio.com\/web\/wp-json\/wp\/v2\/users\/1"}],"replies":[{"embeddable":true,"href":"https:\/\/malamboradio.com\/web\/wp-json\/wp\/v2\/comments?post=131711"}],"version-history":[{"count":1,"href":"https:\/\/malamboradio.com\/web\/wp-json\/wp\/v2\/posts\/131711\/revisions"}],"predecessor-version":[{"id":131716,"href":"https:\/\/malamboradio.com\/web\/wp-json\/wp\/v2\/posts\/131711\/revisions\/131716"}],"wp:featuredmedia":[{"embeddable":true,"href":"https:\/\/malamboradio.com\/web\/wp-json\/wp\/v2\/media\/131715"}],"wp:attachment":[{"href":"https:\/\/malamboradio.com\/web\/wp-json\/wp\/v2\/media?parent=131711"}],"wp:term":[{"taxonomy":"category","embeddable":true,"href":"https:\/\/malamboradio.com\/web\/wp-json\/wp\/v2\/categories?post=131711"},{"taxonomy":"post_tag","embeddable":true,"href":"https:\/\/malamboradio.com\/web\/wp-json\/wp\/v2\/tags?post=131711"}],"curies":[{"name":"wp","href":"https:\/\/api.w.org\/{rel}","templated":true}]}}