{"id":129543,"date":"2020-08-30T15:07:56","date_gmt":"2020-08-30T15:07:56","guid":{"rendered":"http:\/\/malamboradio.com\/web\/?p=129543"},"modified":"2020-08-30T15:07:57","modified_gmt":"2020-08-30T15:07:57","slug":"estados-unidos-decide-deportar-a-salvatore-mancuso-a-colombia-y-no-a-italia","status":"publish","type":"post","link":"https:\/\/malamboradio.com\/web\/2020\/08\/30\/estados-unidos-decide-deportar-a-salvatore-mancuso-a-colombia-y-no-a-italia\/","title":{"rendered":"Estados Unidos decide deportar a Salvatore Mancuso a Colombia y no a Italia"},"content":{"rendered":"\n<p>Fuentes diplom\u00e1ticas confirmaron la informaci\u00f3n a medios nacionales.<\/p>\n\n\n\n<p>El exjefe paramilitar Salvatore Mancuso sera deportado desde Estados Unidos a Colombia en las pr\u00f3ximas semanas&nbsp;&nbsp;y no a Italia como ya hab\u00eda decidido el gobierno de ese pa\u00eds.<\/p>\n\n\n\n<p>As\u00ed lo publica el diario El Tiempo, citando confirmaci\u00f3n de una fuente diplom\u00e1tica en Estados Unidos.<\/p>\n\n\n\n<p><em>&#8220;La deportaci\u00f3n a Italia resulta perjudicial a los inter\u00e9s del gobierno Trump&#8221;,<\/em>&nbsp;se lee en la publicaci\u00f3n.<\/p>\n\n\n\n<p>Sin embargo, la decisi\u00f3n le deja abierta&nbsp;a Mancuso tambi\u00e9n la posibilidad de apelar y podr\u00eda quedarse en Estados Unidos.<\/p>\n\n\n\n<p>Sobre el&nbsp;caso judicial&nbsp;de Salvatore Mancuso, en d\u00edas pasados, el Alto comisionado para la paz, Miguel Ceballos, indic\u00f3 que hab\u00eda recibido y valorado la&nbsp;<em>&nbsp;&#8220;cooperaci\u00f3n en materia judicial, del gobierno de los Estados Unidos a trav\u00e9s de su Departamento de Estado y su Departamento de Justicia&#8221;.<\/em><\/p>\n\n\n\n<p><em>&#8220;La decisi\u00f3n de Estados Unidos, de car\u00e1cter netamente pol\u00edtico,&nbsp;le ser\u00e1 notificada este domingo tanto al gobierno de Colombia como a la defensa del exjefe paramilitar,&nbsp;quien estaba esperando su env\u00edo a Italia antes del 4 de septiembre, ordenada por el juez federal Richard J. Le\u00f3n&#8221;,<\/em>&nbsp;publica El Tiempo.<\/p>\n","protected":false},"excerpt":{"rendered":"<p>Fuentes diplom\u00e1ticas confirmaron la informaci\u00f3n a medios nacionales. El exjefe paramilitar Salvatore Mancuso sera deportado desde Estados Unidos a Colombia en las pr\u00f3ximas semanas&nbsp;&nbsp;y no a Italia como ya hab\u00eda decidido el gobierno de ese pa\u00eds. As\u00ed lo publica el diario El Tiempo, citando confirmaci\u00f3n de una fuente diplom\u00e1tica en Estados Unidos. &#8220;La deportaci\u00f3n a&#8230;<\/p>\n","protected":false},"author":1,"featured_media":129544,"comment_status":"open","ping_status":"open","sticky":false,"template":"","format":"standard","meta":[],"categories":[1],"tags":[],"jetpack_sharing_enabled":true,"jetpack_featured_media_url":"https:\/\/malamboradio.com\/web\/wp-content\/uploads\/2020\/08\/mancuso_salvatore.jpg","_links":{"self":[{"href":"https:\/\/malamboradio.com\/web\/wp-json\/wp\/v2\/posts\/129543"}],"collection":[{"href":"https:\/\/malamboradio.com\/web\/wp-json\/wp\/v2\/posts"}],"about":[{"href":"https:\/\/malamboradio.com\/web\/wp-json\/wp\/v2\/types\/post"}],"author":[{"embeddable":true,"href":"https:\/\/malamboradio.com\/web\/wp-json\/wp\/v2\/users\/1"}],"replies":[{"embeddable":true,"href":"https:\/\/malamboradio.com\/web\/wp-json\/wp\/v2\/comments?post=129543"}],"version-history":[{"count":1,"href":"https:\/\/malamboradio.com\/web\/wp-json\/wp\/v2\/posts\/129543\/revisions"}],"predecessor-version":[{"id":129545,"href":"https:\/\/malamboradio.com\/web\/wp-json\/wp\/v2\/posts\/129543\/revisions\/129545"}],"wp:featuredmedia":[{"embeddable":true,"href":"https:\/\/malamboradio.com\/web\/wp-json\/wp\/v2\/media\/129544"}],"wp:attachment":[{"href":"https:\/\/malamboradio.com\/web\/wp-json\/wp\/v2\/media?parent=129543"}],"wp:term":[{"taxonomy":"category","embeddable":true,"href":"https:\/\/malamboradio.com\/web\/wp-json\/wp\/v2\/categories?post=129543"},{"taxonomy":"post_tag","embeddable":true,"href":"https:\/\/malamboradio.com\/web\/wp-json\/wp\/v2\/tags?post=129543"}],"curies":[{"name":"wp","href":"https:\/\/api.w.org\/{rel}","templated":true}]}}