{"id":129401,"date":"2020-08-27T16:44:51","date_gmt":"2020-08-27T16:44:51","guid":{"rendered":"http:\/\/malamboradio.com\/web\/?p=129401"},"modified":"2020-08-27T16:44:53","modified_gmt":"2020-08-27T16:44:53","slug":"mintic-firma-convenio-para-desarrollo-de-contenidos-de-prevencion-para-pueblos-indigenas","status":"publish","type":"post","link":"https:\/\/malamboradio.com\/web\/2020\/08\/27\/mintic-firma-convenio-para-desarrollo-de-contenidos-de-prevencion-para-pueblos-indigenas\/","title":{"rendered":"MinTIC firma convenio para desarrollo de contenidos de prevenci\u00f3n para pueblos ind\u00edgenas"},"content":{"rendered":"\n<p>Busca un autodiagn\u00f3stico del Plan de Salvaguarda de Radio Ind\u00edgena.<\/p>\n\n\n\n<p><strong>El Ministerio de las TIC firm\u00f3 un convenio interadministrativo con el Resguardo Ind\u00edgena Kankuamo,<\/strong>&nbsp;como parte de la implementaci\u00f3n 2020 de la Pol\u00edtica P\u00fablica de Comunicaci\u00f3n de y para Pueblos Ind\u00edgenas (PPCPI), a trav\u00e9s del cual se desarrollar\u00e1n distintas l\u00edneas de acci\u00f3n para garantizar el derecho a la comunicaci\u00f3n de una manera equitativa, participativa y de apropiaci\u00f3n por parte de los Pueblos Ind\u00edgenas, con la producci\u00f3n de alrededor de 500 contenidos audiovisuales y sonoros, en lenguas propias.<\/p>\n\n\n\n<p>Este convenio, en una de sus l\u00edneas, da herramientas a los colectivos de comunicaciones de las organizaciones ind\u00edgenas y a sus autoridades tradicionales para que dise\u00f1en e implementen estrategias de comunicaci\u00f3n al interior de sus comunidades, con el fin de difundir de manera oportuna y eficiente informaci\u00f3n relacionada con la identificaci\u00f3n de s\u00edntomas, prevenci\u00f3n, atenci\u00f3n y mitigaci\u00f3n del Covid-19, mediante la producci\u00f3n de contenidos sonoros que sean acordes con la cosmovisi\u00f3n de cada comunidad y tambi\u00e9n circulen informaci\u00f3n sobre asistencia social, oficial o ayuda humanitaria, de acuerdo con sus realidades organizativas y \u00e1mbito territoriales.<\/p>\n\n\n\n<p><em>\u201cHemos destinado $1.400 millones para suscribir este convenio que beneficia a los Pueblos Ind\u00edgenas a lo largo y ancho de pa\u00eds. Estamos llegando a los territorios m\u00e1s alejados y vulnerables de Colombia, potenciando los colectivos de comunicaciones de las comunidades para enfrentar los desaf\u00edos de salud p\u00fablica, haciendo de las TIC una herramienta para la protecci\u00f3n de la vida de las comunidades y pueblos ind\u00edgenas\u201d,&nbsp;<\/em>resalt\u00f3 la ministra TIC, Karen Abudinen.<\/p>\n\n\n\n<p>La firma de este convenio es parte del resultado de los acuerdos del Plan Nacional de Desarrollo (PND) y su plan de Acci\u00f3n 2020, en el marco de la Mesa Permanente de Concertaci\u00f3n (MPC), con delegados de la Comisi\u00f3n Nacional de Comunicaci\u00f3n de los Pueblos Ind\u00edgenas, conformadas por las organizaciones ind\u00edgenas ONIC, Opiac, CIT, AICO y Gobierno mayor.<\/p>\n","protected":false},"excerpt":{"rendered":"<p>Busca un autodiagn\u00f3stico del Plan de Salvaguarda de Radio Ind\u00edgena. El Ministerio de las TIC firm\u00f3 un convenio interadministrativo con el Resguardo Ind\u00edgena Kankuamo,&nbsp;como parte de la implementaci\u00f3n 2020 de la Pol\u00edtica P\u00fablica de Comunicaci\u00f3n de y para Pueblos Ind\u00edgenas (PPCPI), a trav\u00e9s del cual se desarrollar\u00e1n distintas l\u00edneas de acci\u00f3n para garantizar el derecho&#8230;<\/p>\n","protected":false},"author":1,"featured_media":129402,"comment_status":"open","ping_status":"open","sticky":false,"template":"","format":"standard","meta":[],"categories":[1],"tags":[],"jetpack_sharing_enabled":true,"jetpack_featured_media_url":"https:\/\/malamboradio.com\/web\/wp-content\/uploads\/2020\/08\/comunicaciones_para_pueblos_indigenas_1.jpg","_links":{"self":[{"href":"https:\/\/malamboradio.com\/web\/wp-json\/wp\/v2\/posts\/129401"}],"collection":[{"href":"https:\/\/malamboradio.com\/web\/wp-json\/wp\/v2\/posts"}],"about":[{"href":"https:\/\/malamboradio.com\/web\/wp-json\/wp\/v2\/types\/post"}],"author":[{"embeddable":true,"href":"https:\/\/malamboradio.com\/web\/wp-json\/wp\/v2\/users\/1"}],"replies":[{"embeddable":true,"href":"https:\/\/malamboradio.com\/web\/wp-json\/wp\/v2\/comments?post=129401"}],"version-history":[{"count":1,"href":"https:\/\/malamboradio.com\/web\/wp-json\/wp\/v2\/posts\/129401\/revisions"}],"predecessor-version":[{"id":129404,"href":"https:\/\/malamboradio.com\/web\/wp-json\/wp\/v2\/posts\/129401\/revisions\/129404"}],"wp:featuredmedia":[{"embeddable":true,"href":"https:\/\/malamboradio.com\/web\/wp-json\/wp\/v2\/media\/129402"}],"wp:attachment":[{"href":"https:\/\/malamboradio.com\/web\/wp-json\/wp\/v2\/media?parent=129401"}],"wp:term":[{"taxonomy":"category","embeddable":true,"href":"https:\/\/malamboradio.com\/web\/wp-json\/wp\/v2\/categories?post=129401"},{"taxonomy":"post_tag","embeddable":true,"href":"https:\/\/malamboradio.com\/web\/wp-json\/wp\/v2\/tags?post=129401"}],"curies":[{"name":"wp","href":"https:\/\/api.w.org\/{rel}","templated":true}]}}