{"id":118627,"date":"2020-08-10T15:17:17","date_gmt":"2020-08-10T15:17:17","guid":{"rendered":"http:\/\/malamboradio.com\/web\/?p=118627"},"modified":"2020-08-10T15:17:19","modified_gmt":"2020-08-10T15:17:19","slug":"trasladan-a-la-sierra-nevada-los-restos-del-cabildo-gobernador","status":"publish","type":"post","link":"https:\/\/malamboradio.com\/web\/2020\/08\/10\/trasladan-a-la-sierra-nevada-los-restos-del-cabildo-gobernador\/","title":{"rendered":"Trasladan a la Sierra Nevada los restos del cabildo gobernador"},"content":{"rendered":"\n<p>Un helic\u00f3ptero de la Divisi\u00f3n de Aviaci\u00f3n y Asalto A\u00e9reo de la Primera Divisi\u00f3n del Ej\u00e9rcito Nacional traslad\u00f3 hasta la Sierra Nevada de Santa Marta lo restos del cabildo gobernador Jos\u00e9 de los Santos Sauna Limaco, quien falleci\u00f3 por culpa del coronavirus.<\/p>\n\n\n\n<p>\u201cEl apoyo humanitario del Ej\u00e9rcito Nacional consisti\u00f3 en movilizar desde Santa Marta hasta la comunidad Kogui, en Pueblo Nuevo, los restos mortales del gobernador ind\u00edgena, para ser sepultado seg\u00fan las tradiciones culturales de su comunidad\u201d, explicaron las autoridades en un comunicado.<\/p>\n\n\n\n<p>El f\u00e9retro del cabildo gobernador Kogui y Representante Legal de la organizaci\u00f3n Gonawindua Tayrona fue transportado a trav\u00e9s de la modalidad carga externa, o por canastilla externa, t\u00e9cnica usada por pilotos expertos en este tipo de traslados.<\/p>\n\n\n\n<p>\u201cImportante precisar que este traslado se realiz\u00f3 cumpliendo la disposici\u00f3n final de cad\u00e1veres de personas fallecidas asociadas a COVID-19 de las autoridades sanitarias, as\u00ed como las condiciones garantizadas de bioseguridad y embalaje seguras del servicio funerario\u201d, asegur\u00f3 la Primera Divisi\u00f3n.<\/p>\n\n\n\n<p>En el documento, el Ej\u00e9rcito el fallecimiento del cabildo gobernador Santos Sauna, y aclararon que est\u00e1n dispuestos a brindar el apoyo humanitario a quienes lo necesitan.<\/p>\n\n\n\n<p>La muerte del l\u00edder ind\u00edgena ocurri\u00f3 el jueves 6 de agosto en la Cl\u00ednica El Prado de Santa Marta, en donde estuvo internado en la Unidad de Cuidados Intensivos desde el s\u00e1bado 1 de agosto por culpa del coronavirus.<\/p>\n","protected":false},"excerpt":{"rendered":"<p>Un helic\u00f3ptero de la Divisi\u00f3n de Aviaci\u00f3n y Asalto A\u00e9reo de la Primera Divisi\u00f3n del Ej\u00e9rcito Nacional traslad\u00f3 hasta la Sierra Nevada de Santa Marta lo restos del cabildo gobernador Jos\u00e9 de los Santos Sauna Limaco, quien falleci\u00f3 por culpa del coronavirus. \u201cEl apoyo humanitario del Ej\u00e9rcito Nacional consisti\u00f3 en movilizar desde Santa Marta hasta&#8230;<\/p>\n","protected":false},"author":1,"featured_media":118628,"comment_status":"open","ping_status":"open","sticky":false,"template":"","format":"standard","meta":[],"categories":[1],"tags":[],"jetpack_sharing_enabled":true,"jetpack_featured_media_url":"https:\/\/malamboradio.com\/web\/wp-content\/uploads\/2020\/08\/sauna-cuerpo-traslado.jpg","_links":{"self":[{"href":"https:\/\/malamboradio.com\/web\/wp-json\/wp\/v2\/posts\/118627"}],"collection":[{"href":"https:\/\/malamboradio.com\/web\/wp-json\/wp\/v2\/posts"}],"about":[{"href":"https:\/\/malamboradio.com\/web\/wp-json\/wp\/v2\/types\/post"}],"author":[{"embeddable":true,"href":"https:\/\/malamboradio.com\/web\/wp-json\/wp\/v2\/users\/1"}],"replies":[{"embeddable":true,"href":"https:\/\/malamboradio.com\/web\/wp-json\/wp\/v2\/comments?post=118627"}],"version-history":[{"count":1,"href":"https:\/\/malamboradio.com\/web\/wp-json\/wp\/v2\/posts\/118627\/revisions"}],"predecessor-version":[{"id":118629,"href":"https:\/\/malamboradio.com\/web\/wp-json\/wp\/v2\/posts\/118627\/revisions\/118629"}],"wp:featuredmedia":[{"embeddable":true,"href":"https:\/\/malamboradio.com\/web\/wp-json\/wp\/v2\/media\/118628"}],"wp:attachment":[{"href":"https:\/\/malamboradio.com\/web\/wp-json\/wp\/v2\/media?parent=118627"}],"wp:term":[{"taxonomy":"category","embeddable":true,"href":"https:\/\/malamboradio.com\/web\/wp-json\/wp\/v2\/categories?post=118627"},{"taxonomy":"post_tag","embeddable":true,"href":"https:\/\/malamboradio.com\/web\/wp-json\/wp\/v2\/tags?post=118627"}],"curies":[{"name":"wp","href":"https:\/\/api.w.org\/{rel}","templated":true}]}}