{"id":115673,"date":"2020-07-27T18:12:59","date_gmt":"2020-07-27T18:12:59","guid":{"rendered":"http:\/\/malamboradio.com\/web\/?p=115673"},"modified":"2020-07-27T18:13:00","modified_gmt":"2020-07-27T18:13:00","slug":"el-comercio-en-barranquilla-gradualmente-reinicia-actividades-por-localidades","status":"publish","type":"post","link":"https:\/\/malamboradio.com\/web\/2020\/07\/27\/el-comercio-en-barranquilla-gradualmente-reinicia-actividades-por-localidades\/","title":{"rendered":"El comercio en Barranquilla gradualmente reinicia actividades por localidades"},"content":{"rendered":"\n<p>Hoy se reiniciaron en las localidades Riomar y Suroccidente.<\/p>\n\n\n\n<p>Tal como estaba previsto, este lunes 27 de julio comenz\u00f3 la reapertura gradual del comercio organizado en Barranquilla.<\/p>\n\n\n\n<p>Y como se mencion\u00f3 en el plan de trabajo de la Alcald\u00eda Distrital de Barranquilla, se reinici\u00f3 la actividad comercial en las localidades Riomar y Suroccidente.<\/p>\n\n\n\n<p>La reapertura solo es posible hoy en los lugares en donde la alcald\u00eda revalid\u00f3 los protocolos de bioseguridad.<\/p>\n\n\n\n<p><em>&#8220;Tuvimos una semana de preparaci\u00f3n para revaluar todos los protocolos, de forma que le podamos brindar a nuestros visitantes recobrar la bioseguridad que depronto se ha perdido&#8221;,<\/em>&nbsp;asegur\u00f3 Ricardo Insignares, gerente del Centro Comercial Buenavista.<\/p>\n\n\n\n<p>Persisten sin embargo las restricciones para las actividades de esparcimiento.<\/p>\n\n\n\n<p>En el Buenavista, por ejemplo,<em>&nbsp;&#8220;tenemos un 60 por ciento de apertura. Obviamente porque tenemos limitaciones como son los restaurantes que es una categor\u00eda bastante amplia del centro comercial y cines&#8221;<\/em>&nbsp;dijo Insignares.<\/p>\n","protected":false},"excerpt":{"rendered":"<p>Hoy se reiniciaron en las localidades Riomar y Suroccidente. Tal como estaba previsto, este lunes 27 de julio comenz\u00f3 la reapertura gradual del comercio organizado en Barranquilla. Y como se mencion\u00f3 en el plan de trabajo de la Alcald\u00eda Distrital de Barranquilla, se reinici\u00f3 la actividad comercial en las localidades Riomar y Suroccidente. La reapertura&#8230;<\/p>\n","protected":false},"author":1,"featured_media":115674,"comment_status":"open","ping_status":"open","sticky":false,"template":"","format":"standard","meta":[],"categories":[1],"tags":[],"jetpack_sharing_enabled":true,"jetpack_featured_media_url":"https:\/\/malamboradio.com\/web\/wp-content\/uploads\/2020\/07\/reapertura1.jpeg","_links":{"self":[{"href":"https:\/\/malamboradio.com\/web\/wp-json\/wp\/v2\/posts\/115673"}],"collection":[{"href":"https:\/\/malamboradio.com\/web\/wp-json\/wp\/v2\/posts"}],"about":[{"href":"https:\/\/malamboradio.com\/web\/wp-json\/wp\/v2\/types\/post"}],"author":[{"embeddable":true,"href":"https:\/\/malamboradio.com\/web\/wp-json\/wp\/v2\/users\/1"}],"replies":[{"embeddable":true,"href":"https:\/\/malamboradio.com\/web\/wp-json\/wp\/v2\/comments?post=115673"}],"version-history":[{"count":1,"href":"https:\/\/malamboradio.com\/web\/wp-json\/wp\/v2\/posts\/115673\/revisions"}],"predecessor-version":[{"id":115675,"href":"https:\/\/malamboradio.com\/web\/wp-json\/wp\/v2\/posts\/115673\/revisions\/115675"}],"wp:featuredmedia":[{"embeddable":true,"href":"https:\/\/malamboradio.com\/web\/wp-json\/wp\/v2\/media\/115674"}],"wp:attachment":[{"href":"https:\/\/malamboradio.com\/web\/wp-json\/wp\/v2\/media?parent=115673"}],"wp:term":[{"taxonomy":"category","embeddable":true,"href":"https:\/\/malamboradio.com\/web\/wp-json\/wp\/v2\/categories?post=115673"},{"taxonomy":"post_tag","embeddable":true,"href":"https:\/\/malamboradio.com\/web\/wp-json\/wp\/v2\/tags?post=115673"}],"curies":[{"name":"wp","href":"https:\/\/api.w.org\/{rel}","templated":true}]}}