{"id":108660,"date":"2020-06-14T15:06:12","date_gmt":"2020-06-14T15:06:12","guid":{"rendered":"http:\/\/malamboradio.com\/web\/?p=108660"},"modified":"2020-06-14T15:06:14","modified_gmt":"2020-06-14T15:06:14","slug":"corte-llama-a-version-libre-al-senador-arturo-char-por-caso-merlano","status":"publish","type":"post","link":"https:\/\/malamboradio.com\/web\/2020\/06\/14\/corte-llama-a-version-libre-al-senador-arturo-char-por-caso-merlano\/","title":{"rendered":"Corte llama a versi\u00f3n libre al senador Arturo Char por caso Merlano"},"content":{"rendered":"\n<p><strong>Lo investiga de forma preliminar por corrupci\u00f3n electoral y la fuga de la excongresista. <\/strong><\/p>\n\n\n\n<p>En medio de la indagaci\u00f3n preliminar que la Sala de Instrucci\u00f3n de la Corte Suprema de Justicia lleva por corrupci\u00f3n electoral y la fuga de la excongresista\u00a0A\u00edda Merlano,\u00a0el alto tribunal decidi\u00f3 citar a una versi\u00f3n libre al\u00a0senador Arturo Char. <\/p>\n\n\n\n<p>En este caso, adem\u00e1s, el alto tribunal orden\u00f3, por petici\u00f3n de la defensa de Char, recaudar los testimonios del presidente Iv\u00e1n Duque, del exvicepresidente Germ\u00e1n Vargas Lleras, del empresario Julio Gerlein, del exfiscal N\u00e9stor Humberto Mart\u00ednez, as\u00ed como de Fuad y Alejandro Char.\u00a0<\/p>\n\n\n\n<p>La\u00a0<strong>investigaci\u00f3n previa contra Char Chaljub se da por los hechos de corrupci\u00f3n electoral por los que fue condenada Merlano<\/strong>\u00a0el a\u00f1o pasado, y por los que el alto tribunal ratific\u00f3 su condena este a\u00f1o, baj\u00e1ndole la pena a 11 a\u00f1os y cuatro meses de prisi\u00f3n.\u00a0 <\/p>\n\n\n\n<p>Pero la investigaci\u00f3n contra Arturo Char tambi\u00e9n es por la presunta intervenci\u00f3n en la fuga de Merlano, el primero de octubre de 2019, cuando ella estaba bajo custodia del Inpec en una cita m\u00e9dica.\u00a0<strong>Merlano hoy se encuentra en Venezuela,\u00a0<\/strong>donde fue detenida en enero de este a\u00f1o por entrar a ese pa\u00eds con papeles falsos.\u00a0<\/p>\n\n\n\n<p>La decisi\u00f3n de llamarlo a versi\u00f3n libre fue&nbsp;tomada por el despacho del magistrado Francisco Farf\u00e1n Molina, quien lleva el proceso contra el exsenador.&nbsp;<\/p>\n\n\n\n<p>Esa versi\u00f3n libre, en la que Char podr\u00e1 dar su testimonio frente a este caso, se realizar\u00e1 el&nbsp;<strong>7 de julio del 2020, a trav\u00e9s de videoconferencia.<\/strong><\/p>\n\n\n\n<p>La Corte\u00a0 escuchar\u00e1 a los testigos solicitados por la defensa, como Julio Gerle\u00edn Echeverr\u00eda, Julio Eduardo Gerle\u00edn, Margarita Eugenia Gerle\u00edn, Fuad Char, Alejandro Char Chaljub, N\u00e9stor Humberto Mart\u00ednez Neira, Germ\u00e1n Vargas Lleras, Faisal Cure, Margelis del Rosario Barrios Lobo, Hernando Pe\u00f1a y Germ\u00e1n C\u00f3rdoba, e<strong>l martes 21 de julio de 2020, a partir de las 9:00 de la ma\u00f1ana.\u00a0\u00a0<\/strong><\/p>\n\n\n\n<p>La declaraci\u00f3n del\u00a0<strong>presidente Iv\u00e1n Duque,\u00a0<\/strong>por su parte, se recibir\u00e1 por escrito, por medio de certificaci\u00f3n jurada.\u00a0<\/p>\n\n\n\n<p>Adem\u00e1s, en este proceso se recaudar\u00e1n los testimonios de Rafael Antonio Rocha Salcedo, Francisco Rafael Palencia Borrero, Lilibeth Llin\u00e1s Delgado, Evelyn Carolina D\u00edaz, Sara Jim\u00e9nez, Ana Niebles, Erick Jos\u00e9 Urueta Benavides,<strong>&nbsp;varios de ellos relacionados en el caso de corrupci\u00f3n de A\u00edda Merlano.<\/strong><\/p>\n\n\n\n<p>En esta misma indagaci\u00f3n preliminar es investigado&nbsp;<strong>el senador&nbsp;Laureano Acu\u00f1a D\u00edaz<\/strong>.<\/p>\n\n\n\n<p>Seg\u00fan la Corte Suprema, en esta indagaci\u00f3n previa busca verificar las afirmaciones que hizo&nbsp;<strong>A\u00edda Merlano el 6 de febrero del 2020 ante las autoridades venezolanas,<\/strong>&nbsp;y en una entrevista con la periodista Vicky D\u00e1vila, del 17 de febrero del 2020.&nbsp;<\/p>\n\n\n\n<p>En esas declaraciones Merlano no s\u00f3lo ha relacionado a Char con los hechos de corrupci\u00f3n por los que fue condenada,&nbsp;<strong>sino que tambi\u00e9n dijo que fue una de las personas que estuvo detr\u00e1s de su fuga.&nbsp;<\/strong><\/p>\n\n\n\n<p>Seg\u00fan Merlano, Char -quien aspiraba a convertirse en el presidente del Senado en la tercera legislatura que comienza el 20 de julio-&nbsp;deber\u00eda estar preso porque, seg\u00fan ella, \u00e9l era el art\u00edfice de varios hechos de corrupci\u00f3n electoral en el Caribe.<\/p>\n\n\n\n<p>Tambi\u00e9n dijo en la entrevista con D\u00e1vila: &#8220;Quienes organizaron mi fuga fueron los Gerlein y los Char (&#8230;) no s\u00e9 cu\u00e1nto pagaron, pero me dijeron que me iban a ayudar y que iba a tener una vida tranquila&#8221;.\u00a0 <\/p>\n\n\n\n<p>El 13 de marzo pasado, A\u00edda Victoria Merlano, hija de la pr\u00f3fuga excongresista, asisti\u00f3 al alto tribunal para declarar en este proceso. A su llegada al alto tribunal,\u00a0<strong>A\u00edda Victoria dijo que desconoc\u00eda si Arturo Char hab\u00eda participado en la fuga de su madre<\/strong>, y tambi\u00e9n dijo que pod\u00eda dar declaraciones sobre los supuestos hechos de corrupci\u00f3n por los que se lo investiga ya que, dijo ella nunca trabaj\u00f3 en pol\u00edtica con su mam\u00e1. +<\/p>\n\n\n\n<p>En este mismo proceso, cuando se abri\u00f3 la indagaci\u00f3n preliminar contra Char, la Corte orden\u00f3 obtener la declaraci\u00f3n de la excongresista Aida Merlano, a trav\u00e9s de videoconferencia, por lo que le pidi\u00f3 al Gobierno realizar los tr\u00e1mites para obtener ese testimonio. En caso de no lograrlo por las v\u00edas diplom\u00e1ticas -ya que entre el Gobierno de Iv\u00e1n Duque y el r\u00e9gimen de Nicol\u00e1s Maduro no hay canales-, el alto tribunal dijo que podr\u00eda buscar otros mecanismos previstos en la ley para poder obtener esta prueba.&nbsp;\n\n<\/p>\n","protected":false},"excerpt":{"rendered":"<p>Lo investiga de forma preliminar por corrupci\u00f3n electoral y la fuga de la excongresista. En medio de la indagaci\u00f3n preliminar que la Sala de Instrucci\u00f3n de la Corte Suprema de Justicia lleva por corrupci\u00f3n electoral y la fuga de la excongresista\u00a0A\u00edda Merlano,\u00a0el alto tribunal decidi\u00f3 citar a una versi\u00f3n libre al\u00a0senador Arturo Char. En este&#8230;<\/p>\n","protected":false},"author":1,"featured_media":108661,"comment_status":"open","ping_status":"open","sticky":false,"template":"","format":"standard","meta":[],"categories":[1],"tags":[],"jetpack_sharing_enabled":true,"jetpack_featured_media_url":"https:\/\/malamboradio.com\/web\/wp-content\/uploads\/2020\/06\/5be36d35afd01.r_1592015531568.0-118-2556-1387.jpeg","_links":{"self":[{"href":"https:\/\/malamboradio.com\/web\/wp-json\/wp\/v2\/posts\/108660"}],"collection":[{"href":"https:\/\/malamboradio.com\/web\/wp-json\/wp\/v2\/posts"}],"about":[{"href":"https:\/\/malamboradio.com\/web\/wp-json\/wp\/v2\/types\/post"}],"author":[{"embeddable":true,"href":"https:\/\/malamboradio.com\/web\/wp-json\/wp\/v2\/users\/1"}],"replies":[{"embeddable":true,"href":"https:\/\/malamboradio.com\/web\/wp-json\/wp\/v2\/comments?post=108660"}],"version-history":[{"count":1,"href":"https:\/\/malamboradio.com\/web\/wp-json\/wp\/v2\/posts\/108660\/revisions"}],"predecessor-version":[{"id":108662,"href":"https:\/\/malamboradio.com\/web\/wp-json\/wp\/v2\/posts\/108660\/revisions\/108662"}],"wp:featuredmedia":[{"embeddable":true,"href":"https:\/\/malamboradio.com\/web\/wp-json\/wp\/v2\/media\/108661"}],"wp:attachment":[{"href":"https:\/\/malamboradio.com\/web\/wp-json\/wp\/v2\/media?parent=108660"}],"wp:term":[{"taxonomy":"category","embeddable":true,"href":"https:\/\/malamboradio.com\/web\/wp-json\/wp\/v2\/categories?post=108660"},{"taxonomy":"post_tag","embeddable":true,"href":"https:\/\/malamboradio.com\/web\/wp-json\/wp\/v2\/tags?post=108660"}],"curies":[{"name":"wp","href":"https:\/\/api.w.org\/{rel}","templated":true}]}}