{"id":108648,"date":"2020-06-14T14:57:37","date_gmt":"2020-06-14T14:57:37","guid":{"rendered":"http:\/\/malamboradio.com\/web\/?p=108648"},"modified":"2020-06-14T14:57:39","modified_gmt":"2020-06-14T14:57:39","slug":"rina-dentro-de-una-vivienda-en-la-chinita-dejo-un-muerto-a-punal","status":"publish","type":"post","link":"https:\/\/malamboradio.com\/web\/2020\/06\/14\/rina-dentro-de-una-vivienda-en-la-chinita-dejo-un-muerto-a-punal\/","title":{"rendered":"Ri\u00f1a dentro de una vivienda en La Chinita dej\u00f3 un muerto a pu\u00f1al"},"content":{"rendered":"\n<p>Ocurri\u00f3 en la ma\u00f1ana de este domingo.<\/p>\n\n\n\n<p>Una ri\u00f1a en una reuni\u00f3n dentro de una vivienda en el barrio La Chinita, en Barranquilla, dej\u00f3 el saldo de un hombre muerto.<\/p>\n\n\n\n<p>De acuerdo con el reporte preliminar de la Polic\u00eda Metropolitana, el hecho ocurri\u00f3 pasada las 6 de la ma\u00f1ana de este domingo en la calle 10 con carrera 12.<\/p>\n\n\n\n<p>La Mebar identific\u00f3 a la v\u00edctima del homicidio como&nbsp;<strong>Albeiro Ram\u00edrez Molina<\/strong>, de 30 a\u00f1os de edad.<\/p>\n\n\n\n<p>Seg\u00fan la Polic\u00eda,&nbsp;<strong>Ram\u00edrez Molina<\/strong>&nbsp;estaba departiendo con un grupo de conocidos.<\/p>\n\n\n\n<p>Agreg\u00f3 que se registr\u00f3 una ri\u00f1a entre los protagonistas de la reuni\u00f3n y en medio de la confrontaci\u00f3n, un hombre identificado por las autoridades como&nbsp;<strong>Esneider Gonz\u00e1lez Malo<\/strong>, sac\u00f3 un arma blanca y lo hiri\u00f3 en el cuello.<\/p>\n\n\n\n<p>Albeiro fue trasladado a un centro de salud, en donde falleci\u00f3.<\/p>\n","protected":false},"excerpt":{"rendered":"<p>Ocurri\u00f3 en la ma\u00f1ana de este domingo. Una ri\u00f1a en una reuni\u00f3n dentro de una vivienda en el barrio La Chinita, en Barranquilla, dej\u00f3 el saldo de un hombre muerto. De acuerdo con el reporte preliminar de la Polic\u00eda Metropolitana, el hecho ocurri\u00f3 pasada las 6 de la ma\u00f1ana de este domingo en la calle&#8230;<\/p>\n","protected":false},"author":1,"featured_media":108649,"comment_status":"open","ping_status":"open","sticky":false,"template":"","format":"standard","meta":[],"categories":[1],"tags":[],"jetpack_sharing_enabled":true,"jetpack_featured_media_url":"https:\/\/malamboradio.com\/web\/wp-content\/uploads\/2020\/06\/homicidio_la_chinita_1.jpeg","_links":{"self":[{"href":"https:\/\/malamboradio.com\/web\/wp-json\/wp\/v2\/posts\/108648"}],"collection":[{"href":"https:\/\/malamboradio.com\/web\/wp-json\/wp\/v2\/posts"}],"about":[{"href":"https:\/\/malamboradio.com\/web\/wp-json\/wp\/v2\/types\/post"}],"author":[{"embeddable":true,"href":"https:\/\/malamboradio.com\/web\/wp-json\/wp\/v2\/users\/1"}],"replies":[{"embeddable":true,"href":"https:\/\/malamboradio.com\/web\/wp-json\/wp\/v2\/comments?post=108648"}],"version-history":[{"count":1,"href":"https:\/\/malamboradio.com\/web\/wp-json\/wp\/v2\/posts\/108648\/revisions"}],"predecessor-version":[{"id":108650,"href":"https:\/\/malamboradio.com\/web\/wp-json\/wp\/v2\/posts\/108648\/revisions\/108650"}],"wp:featuredmedia":[{"embeddable":true,"href":"https:\/\/malamboradio.com\/web\/wp-json\/wp\/v2\/media\/108649"}],"wp:attachment":[{"href":"https:\/\/malamboradio.com\/web\/wp-json\/wp\/v2\/media?parent=108648"}],"wp:term":[{"taxonomy":"category","embeddable":true,"href":"https:\/\/malamboradio.com\/web\/wp-json\/wp\/v2\/categories?post=108648"},{"taxonomy":"post_tag","embeddable":true,"href":"https:\/\/malamboradio.com\/web\/wp-json\/wp\/v2\/tags?post=108648"}],"curies":[{"name":"wp","href":"https:\/\/api.w.org\/{rel}","templated":true}]}}